{"id":3033,"date":"2026-09-04T14:57:54","date_gmt":"2026-09-04T11:57:54","guid":{"rendered":"https:\/\/modef.com.tr\/blog\/?p=3033"},"modified":"2026-09-04T14:57:54","modified_gmt":"2026-09-04T11:57:54","slug":"mobilyalarda-kapak-ve-cekmece-sistemleri-kullanim-konforunu-artiran-mekanizmalar","status":"publish","type":"post","link":"https:\/\/modef.com.tr\/blog\/mobilyalarda-kapak-ve-cekmece-sistemleri-kullanim-konforunu-artiran-mekanizmalar\/","title":{"rendered":"Mobilyalarda Kapak ve \u00c7ekmece Sistemleri: Kullan\u0131m Konforunu Art\u0131ran Mekanizmalar"},"content":{"rendered":"<p data-path-to-node=\"0\">Mobilya se\u00e7erken genellikle renklere ve kuma\u015flara bakar\u0131z. Oysa as\u0131l s\u0131r g\u00f6r\u00fcnmeyen detaylarda gizlidir. Kapak ve \u00e7ekmece sistemleri mobilyay\u0131 vazge\u00e7ilmez k\u0131lar. 55&#8217;incisi d\u00fczenlenecek olan Modef fuar\u0131nda bu de\u011fi\u015fimi g\u00f6rebilirsiniz. Sekt\u00f6r profesyonelleri estetik kadar m\u00fchendisli\u011fe de \u00f6nem veriyor. Yenilik\u00e7i mekanizmalar g\u00fcnl\u00fck rutinimizi sessizce kolayla\u015ft\u0131r\u0131yor. Bu ak\u0131ll\u0131 donan\u0131mlar modern mobilya \u00fcretiminin kalbidir.<\/p>\n<h4 data-path-to-node=\"1\"><b data-path-to-node=\"1\" data-index-in-node=\"0\">Sessizli\u011fin Anahtar\u0131 Yava\u015flat\u0131c\u0131 Sistemler<\/b><\/h4>\n<p data-path-to-node=\"1\">Evinizde huzurlu bir atmosfer yaratmak \u00e7ok \u00f6nemlidir. Bunun i\u00e7in mobilyalar\u0131n\u0131z\u0131n akustik konforu y\u00fcksek olmal\u0131d\u0131r. Yava\u015flat\u0131c\u0131l\u0131 mekanizmalar sert \u00e7arpmalar\u0131 kesinlikle engeller. B\u00f6ylece evdeki g\u00fcr\u00fclt\u00fc kirlili\u011fi tamamen ortadan kalkar. Ayn\u0131 zamanda mobilya g\u00f6vdesindeki darbe y\u00fck\u00fc hafifler. Bu sistemler \u00f6zellikle \u00e7ocuklu evlerde g\u00fcvenli\u011fi art\u0131r\u0131r. Mente\u015fe ve raylar\u0131n kullan\u0131m \u00f6mr\u00fc ciddi oranda uzar. Mobilyalar\u0131n\u0131z y\u0131llarca ilk g\u00fcnk\u00fc dayan\u0131kl\u0131l\u0131\u011f\u0131n\u0131 rahat\u00e7a korur. Modef fuarlar\u0131nda bu donan\u0131mlar standart olarak sunuluyor. Bu durum sekt\u00f6rdeki y\u00fcksek kalite anlay\u0131\u015f\u0131n\u0131 kan\u0131tl\u0131yor.<\/p>\n<p><img fetchpriority=\"high\" decoding=\"async\" class=\" wp-image-3035 alignright\" src=\"https:\/\/modef.com.tr\/blog\/wp-content\/uploads\/2026\/09\/Gemini_Generated_Image_spwzjsspwzjsspwz-300x164.jpg\" alt=\"\" width=\"322\" height=\"176\" srcset=\"https:\/\/modef.com.tr\/blog\/wp-content\/uploads\/2026\/09\/Gemini_Generated_Image_spwzjsspwzjsspwz-300x164.jpg 300w, https:\/\/modef.com.tr\/blog\/wp-content\/uploads\/2026\/09\/Gemini_Generated_Image_spwzjsspwzjsspwz-1024x559.jpg 1024w, https:\/\/modef.com.tr\/blog\/wp-content\/uploads\/2026\/09\/Gemini_Generated_Image_spwzjsspwzjsspwz-768x419.jpg 768w, https:\/\/modef.com.tr\/blog\/wp-content\/uploads\/2026\/09\/Gemini_Generated_Image_spwzjsspwzjsspwz-1536x838.jpg 1536w, https:\/\/modef.com.tr\/blog\/wp-content\/uploads\/2026\/09\/Gemini_Generated_Image_spwzjsspwzjsspwz-2048x1117.jpg 2048w, https:\/\/modef.com.tr\/blog\/wp-content\/uploads\/2026\/09\/Gemini_Generated_Image_spwzjsspwzjsspwz-600x327.jpg 600w, https:\/\/modef.com.tr\/blog\/wp-content\/uploads\/2026\/09\/Gemini_Generated_Image_spwzjsspwzjsspwz-750x409.jpg 750w, https:\/\/modef.com.tr\/blog\/wp-content\/uploads\/2026\/09\/Gemini_Generated_Image_spwzjsspwzjsspwz-1140x622.jpg 1140w\" sizes=\"(max-width: 322px) 100vw, 322px\" \/><\/p>\n<h4 data-path-to-node=\"2\"><b data-path-to-node=\"2\" data-index-in-node=\"0\">Minimalist Bas-A\u00e7 Mekanizmalar<\/b><\/h4>\n<p data-path-to-node=\"2\">Kulpsuz mobilyalar son y\u0131llar\u0131n en pop\u00fcler trendidir. Tasar\u0131mda sadeli\u011fi sevenler i\u00e7in harika bir se\u00e7enektir. Bas-a\u00e7 sistemlerle dolap kapaklar\u0131n\u0131z\u0131 kolayca a\u00e7abilirsiniz. D\u0131\u015far\u0131dan g\u00f6r\u00fcn\u00fcr hi\u00e7bir kulp veya par\u00e7a yoktur. Sadece hafif bir dokunu\u015f yeterli olacakt\u0131r. Elleriniz doluyken dizinizle bile \u00e7ekmeceyi a\u00e7abilirsiniz. Bu ak\u0131ll\u0131 sistemler ah\u015fap i\u015f\u00e7ili\u011fini \u00f6ne \u00e7\u0131kar\u0131r. Tasar\u0131m \u00e7izgisi kesintisiz ve \u015f\u0131k bir \u015fekilde akar.<\/p>\n<h4 data-path-to-node=\"3\"><b data-path-to-node=\"3\" data-index-in-node=\"0\">Kalkar Kapaklar ve Gizli Raylar<\/b><\/h4>\n<p data-path-to-node=\"3\">Kalkar kapak sistemleri dar alanlarda \u00e7ok etkilidir. Yukar\u0131 katlanan kapaklar mutfaklarda hareket \u00f6zg\u00fcrl\u00fc\u011f\u00fc sa\u011flar. Kapaklar b\u0131rak\u0131ld\u0131\u011f\u0131 seviyede sabit kalabilir. Bu \u00f6zellik kullan\u0131c\u0131lara b\u00fcy\u00fck ergonomik avantaj sunar. Gizli \u00e7ekmece raylar\u0131 ise tam a\u00e7\u0131l\u0131m imkan\u0131 verir. E\u011filmeden en arkadaki e\u015fyalara bile rahat\u00e7a ula\u015f\u0131rs\u0131n\u0131z. Mekanizma tamamen ah\u015fab\u0131n alt\u0131na gizlenir. B\u00f6ylece estetik kusursuzluk her zaman korunmu\u015f olur.<\/p>\n<p data-path-to-node=\"4\">Modef organizasyonlar\u0131 mobilya sekt\u00f6r\u00fcn\u00fcn kalbinin att\u0131\u011f\u0131 yerdir. Burada ah\u015fab\u0131n sanata d\u00f6n\u00fc\u015ft\u00fc\u011f\u00fc tasar\u0131mlar\u0131 inceleyebilirsiniz. Ayr\u0131ca bu sanat\u0131 ta\u00e7land\u0131ran yenilik\u00e7i donan\u0131mlar\u0131 ke\u015ffedersiniz. \u0130neg\u00f6l mobilyas\u0131 global \u00e7apta b\u00fcy\u00fck bir ba\u015far\u0131ya sahiptir. Bu ba\u015far\u0131n\u0131n ard\u0131nda estetik ve teknoloji uyumu yatar. G\u00f6z al\u0131c\u0131 tasar\u0131mlar hayat\u0131 kolayla\u015ft\u0131ran detaylarla birle\u015fiyor.<\/p>\n","protected":false},"excerpt":{"rendered":"<p>Mobilya se\u00e7erken genellikle renklere ve kuma\u015flara bakar\u0131z. Oysa as\u0131l s\u0131r g\u00f6r\u00fcnmeyen detaylarda gizlidir. Kapak ve \u00e7ekmece sistemleri mobilyay\u0131 vazge\u00e7ilmez k\u0131lar. 55&#8217;incisi d\u00fczenlenecek olan Modef fuar\u0131nda bu de\u011fi\u015fimi g\u00f6rebilirsiniz. Sekt\u00f6r profesyonelleri estetik kadar m\u00fchendisli\u011fe de \u00f6nem veriyor. Yenilik\u00e7i mekanizmalar g\u00fcnl\u00fck rutinimizi sessizce kolayla\u015ft\u0131r\u0131yor. Bu ak\u0131ll\u0131 donan\u0131mlar modern mobilya \u00fcretiminin kalbidir. Sessizli\u011fin Anahtar\u0131 Yava\u015flat\u0131c\u0131 Sistemler Evinizde huzurlu [&hellip;]<\/p>\n","protected":false},"author":1,"featured_media":3034,"comment_status":"open","ping_status":"open","sticky":false,"template":"","format":"standard","meta":{"jnews-multi-image_gallery":[],"jnews_single_post":{"subtitle":"","format":"standard","override":[{"template":"1","parallax":"1","fullscreen":"1","layout":"right-sidebar","sidebar":"default-sidebar","second_sidebar":"default-sidebar","sticky_sidebar":"1","share_position":"top","share_float_style":"share-monocrhome","show_share_counter":"1","show_view_counter":"1","show_featured":"1","show_post_meta":"1","show_post_author":"1","show_post_author_image":"1","show_post_date":"1","post_date_format":"default","post_date_format_custom":"Y\/m\/d","show_post_category":"1","show_post_reading_time":"0","post_reading_time_wpm":"300","post_calculate_word_method":"str_word_count","show_zoom_button":"0","zoom_button_out_step":"2","zoom_button_in_step":"3","show_post_tag":"1","show_prev_next_post":"1","show_popup_post":"1","number_popup_post":"1","show_author_box":"1","show_post_related":"1"}],"image_override":[{"single_post_thumbnail_size":"crop-500","single_post_gallery_size":"crop-500"}],"trending_post_position":"meta","trending_post_label":"Trending","sponsored_post_label":"Sponsored by","disable_ad":"0"},"jnews_primary_category":[],"jnews_social_meta":[],"jnews_paywall_metabox":{"paragraph_limit":"2","enable_premium_post":"0","enable_free_post":"0","override_paragraph_limit":"0","enable_preview_post":"0","enable_preview_video":"0"},"jnews_override_counter":{"view_counter_number":"0","share_counter_number":"0","like_counter_number":"0","dislike_counter_number":"0"},"jnews_post_split":{"post_split":[{"template":"1","tag":"h2","numbering":"asc","mode":"normal","first":"0","enable_toc":"0","toc_type":"normal"}]},"footnotes":""},"categories":[528,560,479,210,389,423,539,320,331,319,520,511,390,480,213],"tags":[483,564,566,362,565,562,561,524,91,563],"class_list":["post-3033","post","type-post","status-publish","format-standard","has-post-thumbnail","hentry","category-55-modef-fuari","category-akilli-donanimlar","category-akilli-ev-teknolojileri","category-ana-sayfa","category-dekorasyon-fikirleri","category-dekorasyon-ipuclari","category-dekorasyon-trendleri","category-ic-mekan-tasarimi","category-ic-mekan-tasarimlari","category-mobilya-rehberi","category-mobilya-sektoru","category-mobilya-tasarimi","category-mobilya-trendleri","category-mobilya-ve-dekorasyon","category-modef-2026-fuar","tag-akilli-mobilya","tag-bas-ac-kapak","tag-gizli-ray","tag-inegol-mobilyasi","tag-kalkar-kapak","tag-kapak-ve-cekmece-sistemleri","tag-mobilya-mekanizmalari","tag-mobilya-trendleri","tag-modef","tag-yavaslatici-mentese"],"yoast_head":"<!-- This site is optimized with the Yoast SEO plugin v26.9 - https:\/\/yoast.com\/product\/yoast-seo-wordpress\/ -->\n<title>Mobilyalarda Kapak ve \u00c7ekmece Sistemleri: Kullan\u0131m Konforunu Art\u0131ran Mekanizmalar - Modef Blog<\/title>\n<meta name=\"description\" content=\"Modef fuarlar\u0131nda sergilenen yenilik\u00e7i mobilya kapak ve \u00e7ekmece sistemleri ile ya\u015fam alanlar\u0131n\u0131zda estetik, sessizlik ve maksimum konforu ke\u015ffedin.\" \/>\n<meta name=\"robots\" content=\"index, follow, max-snippet:-1, max-image-preview:large, max-video-preview:-1\" \/>\n<link rel=\"canonical\" href=\"https:\/\/modef.com.tr\/blog\/mobilyalarda-kapak-ve-cekmece-sistemleri-kullanim-konforunu-artiran-mekanizmalar\/\" \/>\n<meta property=\"og:locale\" content=\"tr_TR\" \/>\n<meta property=\"og:type\" content=\"article\" \/>\n<meta property=\"og:title\" content=\"Mobilyalarda Kapak ve \u00c7ekmece Sistemleri: Kullan\u0131m Konforunu Art\u0131ran Mekanizmalar - Modef Blog\" \/>\n<meta property=\"og:description\" content=\"Modef fuarlar\u0131nda sergilenen yenilik\u00e7i mobilya kapak ve \u00e7ekmece sistemleri ile ya\u015fam alanlar\u0131n\u0131zda estetik, sessizlik ve maksimum konforu ke\u015ffedin.\" \/>\n<meta property=\"og:url\" content=\"https:\/\/modef.com.tr\/blog\/mobilyalarda-kapak-ve-cekmece-sistemleri-kullanim-konforunu-artiran-mekanizmalar\/\" \/>\n<meta property=\"og:site_name\" content=\"Modef Blog\" \/>\n<meta property=\"article:published_time\" content=\"2026-09-04T11:57:54+00:00\" \/>\n<meta property=\"og:image\" content=\"https:\/\/modef.com.tr\/blog\/wp-content\/uploads\/2026\/09\/Gemini_Generated_Image_ng8tfgng8tfgng8t-scaled.jpg\" \/>\n\t<meta property=\"og:image:width\" content=\"2560\" \/>\n\t<meta property=\"og:image:height\" content=\"1396\" \/>\n\t<meta property=\"og:image:type\" content=\"image\/jpeg\" \/>\n<meta name=\"author\" content=\"Modef Blog\" \/>\n<meta name=\"twitter:card\" content=\"summary_large_image\" \/>\n<meta name=\"twitter:label1\" content=\"Yazan:\" \/>\n\t<meta name=\"twitter:data1\" content=\"Modef Blog\" \/>\n\t<meta name=\"twitter:label2\" content=\"Tahmini okuma s\u00fcresi\" \/>\n\t<meta name=\"twitter:data2\" content=\"3 dakika\" \/>\n<script type=\"application\/ld+json\" class=\"yoast-schema-graph\">{\"@context\":\"https:\/\/schema.org\",\"@graph\":[{\"@type\":\"Article\",\"@id\":\"https:\/\/modef.com.tr\/blog\/mobilyalarda-kapak-ve-cekmece-sistemleri-kullanim-konforunu-artiran-mekanizmalar\/#article\",\"isPartOf\":{\"@id\":\"https:\/\/modef.com.tr\/blog\/mobilyalarda-kapak-ve-cekmece-sistemleri-kullanim-konforunu-artiran-mekanizmalar\/\"},\"author\":{\"name\":\"Modef Blog\",\"@id\":\"https:\/\/modef.com.tr\/blog\/#\/schema\/person\/7e314966d0a42821c423252bfb9ba693\"},\"headline\":\"Mobilyalarda Kapak ve \u00c7ekmece Sistemleri: Kullan\u0131m Konforunu Art\u0131ran Mekanizmalar\",\"datePublished\":\"2026-09-04T11:57:54+00:00\",\"mainEntityOfPage\":{\"@id\":\"https:\/\/modef.com.tr\/blog\/mobilyalarda-kapak-ve-cekmece-sistemleri-kullanim-konforunu-artiran-mekanizmalar\/\"},\"wordCount\":432,\"commentCount\":0,\"image\":{\"@id\":\"https:\/\/modef.com.tr\/blog\/mobilyalarda-kapak-ve-cekmece-sistemleri-kullanim-konforunu-artiran-mekanizmalar\/#primaryimage\"},\"thumbnailUrl\":\"https:\/\/modef.com.tr\/blog\/wp-content\/uploads\/2026\/09\/Gemini_Generated_Image_ng8tfgng8tfgng8t-scaled.jpg\",\"keywords\":[\"ak\u0131ll\u0131 mobilya\",\"bas-a\u00e7 kapak\",\"gizli ray\",\"\u0130neg\u00f6l mobilyas\u0131\",\"kalkar kapak\",\"kapak ve \u00e7ekmece sistemleri\",\"mobilya mekanizmalar\u0131\",\"mobilya trendleri\",\"MODEF\",\"yava\u015flat\u0131c\u0131 mente\u015fe\"],\"articleSection\":[\"55. Modef Fuar\u0131\",\"Ak\u0131ll\u0131 Donan\u0131mlar\",\"Ak\u0131ll\u0131 ev teknolojileri\",\"Ana Sayfa\",\"Dekorasyon Fikirleri\",\"Dekorasyon \u0130pu\u00e7lar\u0131\",\"Dekorasyon Trendleri\",\"\u0130\u00e7 Mekan Tasar\u0131m\u0131\",\"\u0130\u00e7 Mekan Tasar\u0131mlar\u0131\",\"Mobilya Rehberi\",\"Mobilya Sekt\u00f6r\u00fc\",\"Mobilya Tasar\u0131m\u0131\",\"Mobilya trendleri\",\"Mobilya ve Dekorasyon\",\"MODEF 2026 FUAR\"],\"inLanguage\":\"tr\",\"potentialAction\":[{\"@type\":\"CommentAction\",\"name\":\"Comment\",\"target\":[\"https:\/\/modef.com.tr\/blog\/mobilyalarda-kapak-ve-cekmece-sistemleri-kullanim-konforunu-artiran-mekanizmalar\/#respond\"]}]},{\"@type\":\"WebPage\",\"@id\":\"https:\/\/modef.com.tr\/blog\/mobilyalarda-kapak-ve-cekmece-sistemleri-kullanim-konforunu-artiran-mekanizmalar\/\",\"url\":\"https:\/\/modef.com.tr\/blog\/mobilyalarda-kapak-ve-cekmece-sistemleri-kullanim-konforunu-artiran-mekanizmalar\/\",\"name\":\"Mobilyalarda Kapak ve \u00c7ekmece Sistemleri: Kullan\u0131m Konforunu Art\u0131ran Mekanizmalar - Modef Blog\",\"isPartOf\":{\"@id\":\"https:\/\/modef.com.tr\/blog\/#website\"},\"primaryImageOfPage\":{\"@id\":\"https:\/\/modef.com.tr\/blog\/mobilyalarda-kapak-ve-cekmece-sistemleri-kullanim-konforunu-artiran-mekanizmalar\/#primaryimage\"},\"image\":{\"@id\":\"https:\/\/modef.com.tr\/blog\/mobilyalarda-kapak-ve-cekmece-sistemleri-kullanim-konforunu-artiran-mekanizmalar\/#primaryimage\"},\"thumbnailUrl\":\"https:\/\/modef.com.tr\/blog\/wp-content\/uploads\/2026\/09\/Gemini_Generated_Image_ng8tfgng8tfgng8t-scaled.jpg\",\"datePublished\":\"2026-09-04T11:57:54+00:00\",\"author\":{\"@id\":\"https:\/\/modef.com.tr\/blog\/#\/schema\/person\/7e314966d0a42821c423252bfb9ba693\"},\"description\":\"Modef fuarlar\u0131nda sergilenen yenilik\u00e7i mobilya kapak ve \u00e7ekmece sistemleri ile ya\u015fam alanlar\u0131n\u0131zda estetik, sessizlik ve maksimum konforu ke\u015ffedin.\",\"breadcrumb\":{\"@id\":\"https:\/\/modef.com.tr\/blog\/mobilyalarda-kapak-ve-cekmece-sistemleri-kullanim-konforunu-artiran-mekanizmalar\/#breadcrumb\"},\"inLanguage\":\"tr\",\"potentialAction\":[{\"@type\":\"ReadAction\",\"target\":[\"https:\/\/modef.com.tr\/blog\/mobilyalarda-kapak-ve-cekmece-sistemleri-kullanim-konforunu-artiran-mekanizmalar\/\"]}]},{\"@type\":\"ImageObject\",\"inLanguage\":\"tr\",\"@id\":\"https:\/\/modef.com.tr\/blog\/mobilyalarda-kapak-ve-cekmece-sistemleri-kullanim-konforunu-artiran-mekanizmalar\/#primaryimage\",\"url\":\"https:\/\/modef.com.tr\/blog\/wp-content\/uploads\/2026\/09\/Gemini_Generated_Image_ng8tfgng8tfgng8t-scaled.jpg\",\"contentUrl\":\"https:\/\/modef.com.tr\/blog\/wp-content\/uploads\/2026\/09\/Gemini_Generated_Image_ng8tfgng8tfgng8t-scaled.jpg\",\"width\":2560,\"height\":1396},{\"@type\":\"BreadcrumbList\",\"@id\":\"https:\/\/modef.com.tr\/blog\/mobilyalarda-kapak-ve-cekmece-sistemleri-kullanim-konforunu-artiran-mekanizmalar\/#breadcrumb\",\"itemListElement\":[{\"@type\":\"ListItem\",\"position\":1,\"name\":\"Anasayfa\",\"item\":\"https:\/\/modef.com.tr\/blog\/\"},{\"@type\":\"ListItem\",\"position\":2,\"name\":\"Mobilyalarda Kapak ve \u00c7ekmece Sistemleri: Kullan\u0131m Konforunu Art\u0131ran Mekanizmalar\"}]},{\"@type\":\"WebSite\",\"@id\":\"https:\/\/modef.com.tr\/blog\/#website\",\"url\":\"https:\/\/modef.com.tr\/blog\/\",\"name\":\"Modef Blog\",\"description\":\"\u0130neg\u00f6l Mobilya Fuar\u0131 \",\"potentialAction\":[{\"@type\":\"SearchAction\",\"target\":{\"@type\":\"EntryPoint\",\"urlTemplate\":\"https:\/\/modef.com.tr\/blog\/?s={search_term_string}\"},\"query-input\":{\"@type\":\"PropertyValueSpecification\",\"valueRequired\":true,\"valueName\":\"search_term_string\"}}],\"inLanguage\":\"tr\"},{\"@type\":\"Person\",\"@id\":\"https:\/\/modef.com.tr\/blog\/#\/schema\/person\/7e314966d0a42821c423252bfb9ba693\",\"name\":\"Modef Blog\",\"image\":{\"@type\":\"ImageObject\",\"inLanguage\":\"tr\",\"@id\":\"https:\/\/modef.com.tr\/blog\/#\/schema\/person\/image\/\",\"url\":\"https:\/\/secure.gravatar.com\/avatar\/c95b3f7dbc491bcc3d5e547b5886751e4ee0d2d9f5049cbfc2baafad5e49a7ec?s=96&d=mm&r=g\",\"contentUrl\":\"https:\/\/secure.gravatar.com\/avatar\/c95b3f7dbc491bcc3d5e547b5886751e4ee0d2d9f5049cbfc2baafad5e49a7ec?s=96&d=mm&r=g\",\"caption\":\"Modef Blog\"},\"sameAs\":[\"https:\/\/modef.com.tr\/blog\"],\"url\":\"https:\/\/modef.com.tr\/blog\/author\/a4nas5iteingeol\/\"}]}<\/script>\n<!-- \/ Yoast SEO plugin. -->","yoast_head_json":{"title":"Mobilyalarda Kapak ve \u00c7ekmece Sistemleri: Kullan\u0131m Konforunu Art\u0131ran Mekanizmalar - Modef Blog","description":"Modef fuarlar\u0131nda sergilenen yenilik\u00e7i mobilya kapak ve \u00e7ekmece sistemleri ile ya\u015fam alanlar\u0131n\u0131zda estetik, sessizlik ve maksimum konforu ke\u015ffedin.","robots":{"index":"index","follow":"follow","max-snippet":"max-snippet:-1","max-image-preview":"max-image-preview:large","max-video-preview":"max-video-preview:-1"},"canonical":"https:\/\/modef.com.tr\/blog\/mobilyalarda-kapak-ve-cekmece-sistemleri-kullanim-konforunu-artiran-mekanizmalar\/","og_locale":"tr_TR","og_type":"article","og_title":"Mobilyalarda Kapak ve \u00c7ekmece Sistemleri: Kullan\u0131m Konforunu Art\u0131ran Mekanizmalar - Modef Blog","og_description":"Modef fuarlar\u0131nda sergilenen yenilik\u00e7i mobilya kapak ve \u00e7ekmece sistemleri ile ya\u015fam alanlar\u0131n\u0131zda estetik, sessizlik ve maksimum konforu ke\u015ffedin.","og_url":"https:\/\/modef.com.tr\/blog\/mobilyalarda-kapak-ve-cekmece-sistemleri-kullanim-konforunu-artiran-mekanizmalar\/","og_site_name":"Modef Blog","article_published_time":"2026-09-04T11:57:54+00:00","og_image":[{"width":2560,"height":1396,"url":"https:\/\/modef.com.tr\/blog\/wp-content\/uploads\/2026\/09\/Gemini_Generated_Image_ng8tfgng8tfgng8t-scaled.jpg","type":"image\/jpeg"}],"author":"Modef Blog","twitter_card":"summary_large_image","twitter_misc":{"Yazan:":"Modef Blog","Tahmini okuma s\u00fcresi":"3 dakika"},"schema":{"@context":"https:\/\/schema.org","@graph":[{"@type":"Article","@id":"https:\/\/modef.com.tr\/blog\/mobilyalarda-kapak-ve-cekmece-sistemleri-kullanim-konforunu-artiran-mekanizmalar\/#article","isPartOf":{"@id":"https:\/\/modef.com.tr\/blog\/mobilyalarda-kapak-ve-cekmece-sistemleri-kullanim-konforunu-artiran-mekanizmalar\/"},"author":{"name":"Modef Blog","@id":"https:\/\/modef.com.tr\/blog\/#\/schema\/person\/7e314966d0a42821c423252bfb9ba693"},"headline":"Mobilyalarda Kapak ve \u00c7ekmece Sistemleri: Kullan\u0131m Konforunu Art\u0131ran Mekanizmalar","datePublished":"2026-09-04T11:57:54+00:00","mainEntityOfPage":{"@id":"https:\/\/modef.com.tr\/blog\/mobilyalarda-kapak-ve-cekmece-sistemleri-kullanim-konforunu-artiran-mekanizmalar\/"},"wordCount":432,"commentCount":0,"image":{"@id":"https:\/\/modef.com.tr\/blog\/mobilyalarda-kapak-ve-cekmece-sistemleri-kullanim-konforunu-artiran-mekanizmalar\/#primaryimage"},"thumbnailUrl":"https:\/\/modef.com.tr\/blog\/wp-content\/uploads\/2026\/09\/Gemini_Generated_Image_ng8tfgng8tfgng8t-scaled.jpg","keywords":["ak\u0131ll\u0131 mobilya","bas-a\u00e7 kapak","gizli ray","\u0130neg\u00f6l mobilyas\u0131","kalkar kapak","kapak ve \u00e7ekmece sistemleri","mobilya mekanizmalar\u0131","mobilya trendleri","MODEF","yava\u015flat\u0131c\u0131 mente\u015fe"],"articleSection":["55. Modef Fuar\u0131","Ak\u0131ll\u0131 Donan\u0131mlar","Ak\u0131ll\u0131 ev teknolojileri","Ana Sayfa","Dekorasyon Fikirleri","Dekorasyon \u0130pu\u00e7lar\u0131","Dekorasyon Trendleri","\u0130\u00e7 Mekan Tasar\u0131m\u0131","\u0130\u00e7 Mekan Tasar\u0131mlar\u0131","Mobilya Rehberi","Mobilya Sekt\u00f6r\u00fc","Mobilya Tasar\u0131m\u0131","Mobilya trendleri","Mobilya ve Dekorasyon","MODEF 2026 FUAR"],"inLanguage":"tr","potentialAction":[{"@type":"CommentAction","name":"Comment","target":["https:\/\/modef.com.tr\/blog\/mobilyalarda-kapak-ve-cekmece-sistemleri-kullanim-konforunu-artiran-mekanizmalar\/#respond"]}]},{"@type":"WebPage","@id":"https:\/\/modef.com.tr\/blog\/mobilyalarda-kapak-ve-cekmece-sistemleri-kullanim-konforunu-artiran-mekanizmalar\/","url":"https:\/\/modef.com.tr\/blog\/mobilyalarda-kapak-ve-cekmece-sistemleri-kullanim-konforunu-artiran-mekanizmalar\/","name":"Mobilyalarda Kapak ve \u00c7ekmece Sistemleri: Kullan\u0131m Konforunu Art\u0131ran Mekanizmalar - Modef Blog","isPartOf":{"@id":"https:\/\/modef.com.tr\/blog\/#website"},"primaryImageOfPage":{"@id":"https:\/\/modef.com.tr\/blog\/mobilyalarda-kapak-ve-cekmece-sistemleri-kullanim-konforunu-artiran-mekanizmalar\/#primaryimage"},"image":{"@id":"https:\/\/modef.com.tr\/blog\/mobilyalarda-kapak-ve-cekmece-sistemleri-kullanim-konforunu-artiran-mekanizmalar\/#primaryimage"},"thumbnailUrl":"https:\/\/modef.com.tr\/blog\/wp-content\/uploads\/2026\/09\/Gemini_Generated_Image_ng8tfgng8tfgng8t-scaled.jpg","datePublished":"2026-09-04T11:57:54+00:00","author":{"@id":"https:\/\/modef.com.tr\/blog\/#\/schema\/person\/7e314966d0a42821c423252bfb9ba693"},"description":"Modef fuarlar\u0131nda sergilenen yenilik\u00e7i mobilya kapak ve \u00e7ekmece sistemleri ile ya\u015fam alanlar\u0131n\u0131zda estetik, sessizlik ve maksimum konforu ke\u015ffedin.","breadcrumb":{"@id":"https:\/\/modef.com.tr\/blog\/mobilyalarda-kapak-ve-cekmece-sistemleri-kullanim-konforunu-artiran-mekanizmalar\/#breadcrumb"},"inLanguage":"tr","potentialAction":[{"@type":"ReadAction","target":["https:\/\/modef.com.tr\/blog\/mobilyalarda-kapak-ve-cekmece-sistemleri-kullanim-konforunu-artiran-mekanizmalar\/"]}]},{"@type":"ImageObject","inLanguage":"tr","@id":"https:\/\/modef.com.tr\/blog\/mobilyalarda-kapak-ve-cekmece-sistemleri-kullanim-konforunu-artiran-mekanizmalar\/#primaryimage","url":"https:\/\/modef.com.tr\/blog\/wp-content\/uploads\/2026\/09\/Gemini_Generated_Image_ng8tfgng8tfgng8t-scaled.jpg","contentUrl":"https:\/\/modef.com.tr\/blog\/wp-content\/uploads\/2026\/09\/Gemini_Generated_Image_ng8tfgng8tfgng8t-scaled.jpg","width":2560,"height":1396},{"@type":"BreadcrumbList","@id":"https:\/\/modef.com.tr\/blog\/mobilyalarda-kapak-ve-cekmece-sistemleri-kullanim-konforunu-artiran-mekanizmalar\/#breadcrumb","itemListElement":[{"@type":"ListItem","position":1,"name":"Anasayfa","item":"https:\/\/modef.com.tr\/blog\/"},{"@type":"ListItem","position":2,"name":"Mobilyalarda Kapak ve \u00c7ekmece Sistemleri: Kullan\u0131m Konforunu Art\u0131ran Mekanizmalar"}]},{"@type":"WebSite","@id":"https:\/\/modef.com.tr\/blog\/#website","url":"https:\/\/modef.com.tr\/blog\/","name":"Modef Blog","description":"\u0130neg\u00f6l Mobilya Fuar\u0131 ","potentialAction":[{"@type":"SearchAction","target":{"@type":"EntryPoint","urlTemplate":"https:\/\/modef.com.tr\/blog\/?s={search_term_string}"},"query-input":{"@type":"PropertyValueSpecification","valueRequired":true,"valueName":"search_term_string"}}],"inLanguage":"tr"},{"@type":"Person","@id":"https:\/\/modef.com.tr\/blog\/#\/schema\/person\/7e314966d0a42821c423252bfb9ba693","name":"Modef Blog","image":{"@type":"ImageObject","inLanguage":"tr","@id":"https:\/\/modef.com.tr\/blog\/#\/schema\/person\/image\/","url":"https:\/\/secure.gravatar.com\/avatar\/c95b3f7dbc491bcc3d5e547b5886751e4ee0d2d9f5049cbfc2baafad5e49a7ec?s=96&d=mm&r=g","contentUrl":"https:\/\/secure.gravatar.com\/avatar\/c95b3f7dbc491bcc3d5e547b5886751e4ee0d2d9f5049cbfc2baafad5e49a7ec?s=96&d=mm&r=g","caption":"Modef Blog"},"sameAs":["https:\/\/modef.com.tr\/blog"],"url":"https:\/\/modef.com.tr\/blog\/author\/a4nas5iteingeol\/"}]}},"_links":{"self":[{"href":"https:\/\/modef.com.tr\/blog\/wp-json\/wp\/v2\/posts\/3033","targetHints":{"allow":["GET"]}}],"collection":[{"href":"https:\/\/modef.com.tr\/blog\/wp-json\/wp\/v2\/posts"}],"about":[{"href":"https:\/\/modef.com.tr\/blog\/wp-json\/wp\/v2\/types\/post"}],"author":[{"embeddable":true,"href":"https:\/\/modef.com.tr\/blog\/wp-json\/wp\/v2\/users\/1"}],"replies":[{"embeddable":true,"href":"https:\/\/modef.com.tr\/blog\/wp-json\/wp\/v2\/comments?post=3033"}],"version-history":[{"count":1,"href":"https:\/\/modef.com.tr\/blog\/wp-json\/wp\/v2\/posts\/3033\/revisions"}],"predecessor-version":[{"id":3036,"href":"https:\/\/modef.com.tr\/blog\/wp-json\/wp\/v2\/posts\/3033\/revisions\/3036"}],"wp:featuredmedia":[{"embeddable":true,"href":"https:\/\/modef.com.tr\/blog\/wp-json\/wp\/v2\/media\/3034"}],"wp:attachment":[{"href":"https:\/\/modef.com.tr\/blog\/wp-json\/wp\/v2\/media?parent=3033"}],"wp:term":[{"taxonomy":"category","embeddable":true,"href":"https:\/\/modef.com.tr\/blog\/wp-json\/wp\/v2\/categories?post=3033"},{"taxonomy":"post_tag","embeddable":true,"href":"https:\/\/modef.com.tr\/blog\/wp-json\/wp\/v2\/tags?post=3033"}],"curies":[{"name":"wp","href":"https:\/\/api.w.org\/{rel}","templated":true}]}}