{"id":3025,"date":"2026-08-28T12:17:55","date_gmt":"2026-08-28T09:17:55","guid":{"rendered":"https:\/\/modef.com.tr\/blog\/?p=3025"},"modified":"2026-08-28T12:20:13","modified_gmt":"2026-08-28T09:20:13","slug":"antre-ve-hol-dekorasyonunda-dogru-dresuar-secimi-neden-onemlidir","status":"publish","type":"post","link":"https:\/\/modef.com.tr\/blog\/antre-ve-hol-dekorasyonunda-dogru-dresuar-secimi-neden-onemlidir\/","title":{"rendered":"Antre ve Hol Dekorasyonunda Do\u011fru Dresuar Se\u00e7imi Neden \u00d6nemlidir?"},"content":{"rendered":"<p data-path-to-node=\"2\">Ev dekorasyonunda ilk izlenim antrede ba\u015flar. Metrekare olarak k\u00fc\u00e7\u00fck olan bu alanlar, do\u011fru se\u00e7imlerle \u015f\u0131k ve ak\u0131ll\u0131 bir depolama alan\u0131na d\u00f6n\u00fc\u015febilir. \u00dcstelik bu de\u011fi\u015fimin ba\u015frol\u00fcnde ah\u015fap dresuar modelleri yer al\u0131r.<\/p>\n<p data-path-to-node=\"3\">MODEF Fuar\u0131\u2019n\u0131n tasar\u0131m vizyonuna uygun bu yaz\u0131da, antrelerinizi nas\u0131l daha verimli kullanabilece\u011finizi inceleyebilirsiniz.<\/p>\n<h3 data-path-to-node=\"5\"><strong>Antre Dekorasyonunda Do\u011fru Dresuar Se\u00e7imi<\/strong><\/h3>\n<p data-path-to-node=\"6\">Evinizin kap\u0131s\u0131n\u0131 a\u00e7t\u0131\u011f\u0131n\u0131zda kar\u015f\u0131la\u015ft\u0131\u011f\u0131n\u0131z manzara, g\u00fcn\u00fcn yorgunlu\u011funu unutturur. \u00c7\u00fcnk\u00fc antre dekorasyonunda estetik ve fonksiyonellik \u00f6n planda tutulmal\u0131d\u0131r. Ah\u015fab\u0131n do\u011fall\u0131\u011f\u0131 bu dar alanlara s\u0131cakl\u0131k katar; do\u011fru dresuar ise evin d\u00fczenine katk\u0131 sa\u011flar.<\/p>\n<ul data-path-to-node=\"7\">\n<li>\n<p data-path-to-node=\"7,0,0\">\u0130lk \u0130zlenim: Ah\u015fap dresuar, modern veya klasik \u00e7izgileri antreye ta\u015f\u0131r.<\/p>\n<\/li>\n<li>\n<p data-path-to-node=\"7,1,0\">Alan Tasarrufu: Derinli\u011fi az tasar\u0131mlar koridorlar\u0131 daraltmaz.<\/p>\n<\/li>\n<li>\n<p data-path-to-node=\"7,2,0\">Dayan\u0131kl\u0131l\u0131k: Kaliteli ah\u015fap uzun \u00f6m\u00fcrl\u00fc bir yat\u0131r\u0131m sunar.<\/p>\n<\/li>\n<\/ul>\n<p><img fetchpriority=\"high\" decoding=\"async\" class=\"wp-image-3026 alignright\" src=\"https:\/\/modef.com.tr\/blog\/wp-content\/uploads\/2026\/08\/Gemini_Generated_Image_54yb5v54yb5v54yb-300x167.jpg\" alt=\"\" width=\"387\" height=\"216\" srcset=\"https:\/\/modef.com.tr\/blog\/wp-content\/uploads\/2026\/08\/Gemini_Generated_Image_54yb5v54yb5v54yb-300x167.jpg 300w, https:\/\/modef.com.tr\/blog\/wp-content\/uploads\/2026\/08\/Gemini_Generated_Image_54yb5v54yb5v54yb-1024x572.jpg 1024w, https:\/\/modef.com.tr\/blog\/wp-content\/uploads\/2026\/08\/Gemini_Generated_Image_54yb5v54yb5v54yb-768x429.jpg 768w, https:\/\/modef.com.tr\/blog\/wp-content\/uploads\/2026\/08\/Gemini_Generated_Image_54yb5v54yb5v54yb-1536x857.jpg 1536w, https:\/\/modef.com.tr\/blog\/wp-content\/uploads\/2026\/08\/Gemini_Generated_Image_54yb5v54yb5v54yb-2048x1143.jpg 2048w, https:\/\/modef.com.tr\/blog\/wp-content\/uploads\/2026\/08\/Gemini_Generated_Image_54yb5v54yb5v54yb-600x335.jpg 600w, https:\/\/modef.com.tr\/blog\/wp-content\/uploads\/2026\/08\/Gemini_Generated_Image_54yb5v54yb5v54yb-750x419.jpg 750w, https:\/\/modef.com.tr\/blog\/wp-content\/uploads\/2026\/08\/Gemini_Generated_Image_54yb5v54yb5v54yb-1140x636.jpg 1140w\" sizes=\"(max-width: 387px) 100vw, 387px\" \/><\/p>\n<h4 data-path-to-node=\"9\"><strong>Ah\u015fap Dresuarlar ile Ak\u0131ll\u0131 Depolama \u00c7\u00f6z\u00fcmleri<\/strong><\/h4>\n<p data-path-to-node=\"10\">Da\u011f\u0131n\u0131kl\u0131\u011f\u0131 ortadan kald\u0131rmak k\u00fc\u00e7\u00fck evler i\u00e7in \u00f6nceliktir. Nitekim ah\u015fap dresuar modelleri depolama alternatifleriyle antredeki karma\u015fay\u0131 bitirir.<\/p>\n<h4 data-path-to-node=\"11\"><strong>\u00c7ekmeceli ve Kapakl\u0131 Modeller<\/strong><\/h4>\n<p data-path-to-node=\"11\">Anahtar, c\u00fczdan veya faturalar i\u00e7in \u00e7ekmeceli ah\u015fap dresuar modelleri m\u00fckemmel bir \u00e7\u00f6z\u00fcmd\u00fcr. B\u00f6ylece g\u00f6z \u00f6n\u00fcndeki k\u00fc\u00e7\u00fck objeleri \u00e7ekmecelerde saklayabilirsiniz.<\/p>\n<h4 data-path-to-node=\"12\"><strong>Alt Raf ve Sepet Kombinasyonlar\u0131<\/strong><\/h4>\n<p data-path-to-node=\"12\">A\u00e7\u0131k rafl\u0131 tasar\u0131mlar, has\u0131r sepetler yerle\u015ftirmek i\u00e7in idealdir. \u00d6rne\u011fin, bu alanlar\u0131 terlikler veya \u015femsiyeler i\u00e7in kullanabilirsiniz.<\/p>\n<h4 data-path-to-node=\"13\"><strong>Ask\u0131l\u0131k ve Ayna Entegrasyonu<\/strong><\/h4>\n<p data-path-to-node=\"13\">Dresuar \u00fczerine monte edece\u011finiz ah\u015fap \u00e7er\u00e7eveli ayna alan\u0131 ferah g\u00f6sterir. Yan\u0131na konumland\u0131raca\u011f\u0131n\u0131z minimalist ask\u0131l\u0131klar montlar i\u00e7in pratik bir alan yarat\u0131r.<\/p>\n<h4 data-path-to-node=\"15\"><strong>Hol Dekorasyonunda Dikkat Edilmesi Gerekenler<\/strong><\/h4>\n<ul data-path-to-node=\"16\">\n<li>\n<p data-path-to-node=\"16,0,0\">\u00d6l\u00e7\u00fc Uyumu: Dresuar se\u00e7meden \u00f6nce alan\u0131n derinli\u011fini \u00f6l\u00e7\u00fcn; ge\u00e7i\u015f yolunu kapatmayan tasar\u0131mlara y\u00f6nelin.<\/p>\n<\/li>\n<li>\n<p data-path-to-node=\"16,1,0\">Ayd\u0131nlatma: Dresuar \u00fczerine yerle\u015ftirece\u011finiz \u015f\u0131k bir abajur s\u0131cak bir ambiyans yarat\u0131r.<\/p>\n<\/li>\n<li>\n<p data-path-to-node=\"16,2,0\">Dekoratif Dokunu\u015flar: Ah\u015fab\u0131n do\u011fall\u0131\u011f\u0131n\u0131 tamamlamak i\u00e7in ye\u015fil bitkiler veya \u00e7er\u00e7eveli foto\u011fraflara yer verin.<\/p>\n<\/li>\n<\/ul>\n<h3 data-path-to-node=\"18\"><strong>Mobilya Trendlerini Ke\u015ffedin<\/strong><\/h3>\n<p data-path-to-node=\"19\">En yeni ah\u015fap dresuar tasar\u0131mlar\u0131n\u0131 ve inovatif depolama \u00e7\u00f6z\u00fcmlerini yak\u0131ndan incelemek i\u00e7in MODEF Fuar\u0131\u2019n\u0131 ziyaret edebilir; sonu\u00e7 olarak ya\u015fam alanlar\u0131n\u0131za ilham verecek trendleri ke\u015ffedebilirsiniz.<\/p>\n","protected":false},"excerpt":{"rendered":"<p>Ev dekorasyonunda ilk izlenim antrede ba\u015flar. Metrekare olarak k\u00fc\u00e7\u00fck olan bu alanlar, do\u011fru se\u00e7imlerle \u015f\u0131k ve ak\u0131ll\u0131 bir depolama alan\u0131na d\u00f6n\u00fc\u015febilir. \u00dcstelik bu de\u011fi\u015fimin ba\u015frol\u00fcnde ah\u015fap dresuar modelleri yer al\u0131r. MODEF Fuar\u0131\u2019n\u0131n tasar\u0131m vizyonuna uygun bu yaz\u0131da, antrelerinizi nas\u0131l daha verimli kullanabilece\u011finizi inceleyebilirsiniz. Antre Dekorasyonunda Do\u011fru Dresuar Se\u00e7imi Evinizin kap\u0131s\u0131n\u0131 a\u00e7t\u0131\u011f\u0131n\u0131zda kar\u015f\u0131la\u015ft\u0131\u011f\u0131n\u0131z manzara, g\u00fcn\u00fcn yorgunlu\u011funu [&hellip;]<\/p>\n","protected":false},"author":1,"featured_media":3027,"comment_status":"open","ping_status":"open","sticky":false,"template":"","format":"standard","meta":{"jnews-multi-image_gallery":[],"jnews_single_post":{"subtitle":"","format":"standard","override":[{"template":"1","parallax":"1","fullscreen":"1","layout":"right-sidebar","sidebar":"default-sidebar","second_sidebar":"default-sidebar","sticky_sidebar":"1","share_position":"top","share_float_style":"share-monocrhome","show_share_counter":"1","show_view_counter":"1","show_featured":"1","show_post_meta":"1","show_post_author":"1","show_post_author_image":"1","show_post_date":"1","post_date_format":"default","post_date_format_custom":"Y\/m\/d","show_post_category":"1","show_post_reading_time":"0","post_reading_time_wpm":"300","post_calculate_word_method":"str_word_count","show_zoom_button":"0","zoom_button_out_step":"2","zoom_button_in_step":"3","show_post_tag":"1","show_prev_next_post":"1","show_popup_post":"1","number_popup_post":"1","show_author_box":"1","show_post_related":"1"}],"image_override":[{"single_post_thumbnail_size":"crop-500","single_post_gallery_size":"crop-500"}],"trending_post_position":"meta","trending_post_label":"Trending","sponsored_post_label":"Sponsored by","disable_ad":"0"},"jnews_primary_category":[],"jnews_social_meta":[],"jnews_paywall_metabox":{"paragraph_limit":"2","enable_premium_post":"0","enable_free_post":"0","override_paragraph_limit":"0","enable_preview_post":"0","enable_preview_video":"0"},"jnews_override_counter":{"view_counter_number":"0","share_counter_number":"0","like_counter_number":"0","dislike_counter_number":"0"},"jnews_post_split":{"post_split":[{"template":"1","tag":"h2","numbering":"asc","mode":"normal","first":"0","enable_toc":"0","toc_type":"normal"}]},"footnotes":""},"categories":[528,537,210,535,318,389,423,539,553,494,320,331,399,534,538,213,501,502],"tags":[554,555,558,557,436,559,556,524,91],"class_list":["post-3025","post","type-post","status-publish","format-standard","has-post-thumbnail","hentry","category-55-modef-fuari","category-alan-tasarrufu","category-ana-sayfa","category-cok-fonksiyonlu-mobilyalar","category-dekorasyon","category-dekorasyon-fikirleri","category-dekorasyon-ipuclari","category-dekorasyon-trendleri","category-ev-dekorasyonu","category-fuar-ve-etkinlikler","category-ic-mekan-tasarimi","category-ic-mekan-tasarimlari","category-ic-mimari","category-kucuk-ev-dekorasyonu","category-minimalizm","category-modef-2026-fuar","category-sektorel-trendler","category-tasarim-uretim","tag-ahsap-dresuar","tag-antre-dekorasyonu","tag-depolama-cozumleri","tag-dresuar-modelleri","tag-ev-dekorasyonu","tag-fonksiyonel-mobilya","tag-hol-dekorasyonu","tag-mobilya-trendleri","tag-modef"],"yoast_head":"<!-- This site is optimized with the Yoast SEO plugin v26.9 - https:\/\/yoast.com\/product\/yoast-seo-wordpress\/ -->\n<title>Antre ve Hol Dekorasyonunda Do\u011fru Dresuar Se\u00e7imi Neden \u00d6nemlidir? - Modef Blog<\/title>\n<meta name=\"description\" content=\"Antre ve hol dekorasyonunda ah\u015fap dresuar ile ak\u0131ll\u0131 depolama \u00e7\u00f6z\u00fcmleri yarat\u0131n. Evinizin giri\u015fine \u015f\u0131kl\u0131k katacak mobilya trendlerini hemen ke\u015ffedin.\" \/>\n<meta name=\"robots\" content=\"index, follow, max-snippet:-1, max-image-preview:large, max-video-preview:-1\" \/>\n<link rel=\"canonical\" href=\"https:\/\/modef.com.tr\/blog\/antre-ve-hol-dekorasyonunda-dogru-dresuar-secimi-neden-onemlidir\/\" \/>\n<meta property=\"og:locale\" content=\"tr_TR\" \/>\n<meta property=\"og:type\" content=\"article\" \/>\n<meta property=\"og:title\" content=\"Antre ve Hol Dekorasyonunda Do\u011fru Dresuar Se\u00e7imi Neden \u00d6nemlidir? - Modef Blog\" \/>\n<meta property=\"og:description\" content=\"Antre ve hol dekorasyonunda ah\u015fap dresuar ile ak\u0131ll\u0131 depolama \u00e7\u00f6z\u00fcmleri yarat\u0131n. Evinizin giri\u015fine \u015f\u0131kl\u0131k katacak mobilya trendlerini hemen ke\u015ffedin.\" \/>\n<meta property=\"og:url\" content=\"https:\/\/modef.com.tr\/blog\/antre-ve-hol-dekorasyonunda-dogru-dresuar-secimi-neden-onemlidir\/\" \/>\n<meta property=\"og:site_name\" content=\"Modef Blog\" \/>\n<meta property=\"article:published_time\" content=\"2026-08-28T09:17:55+00:00\" \/>\n<meta property=\"article:modified_time\" content=\"2026-08-28T09:20:13+00:00\" \/>\n<meta property=\"og:image\" content=\"https:\/\/modef.com.tr\/blog\/wp-content\/uploads\/2026\/08\/Gemini_Generated_Image_1hzjk61hzjk61hzj-scaled.jpg\" \/>\n\t<meta property=\"og:image:width\" content=\"2560\" \/>\n\t<meta property=\"og:image:height\" content=\"1396\" \/>\n\t<meta property=\"og:image:type\" content=\"image\/jpeg\" \/>\n<meta name=\"author\" content=\"Modef Blog\" \/>\n<meta name=\"twitter:card\" content=\"summary_large_image\" \/>\n<meta name=\"twitter:label1\" content=\"Yazan:\" \/>\n\t<meta name=\"twitter:data1\" content=\"Modef Blog\" \/>\n\t<meta name=\"twitter:label2\" content=\"Tahmini okuma s\u00fcresi\" \/>\n\t<meta name=\"twitter:data2\" content=\"2 dakika\" \/>\n<script type=\"application\/ld+json\" class=\"yoast-schema-graph\">{\"@context\":\"https:\/\/schema.org\",\"@graph\":[{\"@type\":\"Article\",\"@id\":\"https:\/\/modef.com.tr\/blog\/antre-ve-hol-dekorasyonunda-dogru-dresuar-secimi-neden-onemlidir\/#article\",\"isPartOf\":{\"@id\":\"https:\/\/modef.com.tr\/blog\/antre-ve-hol-dekorasyonunda-dogru-dresuar-secimi-neden-onemlidir\/\"},\"author\":{\"name\":\"Modef Blog\",\"@id\":\"https:\/\/modef.com.tr\/blog\/#\/schema\/person\/7e314966d0a42821c423252bfb9ba693\"},\"headline\":\"Antre ve Hol Dekorasyonunda Do\u011fru Dresuar Se\u00e7imi Neden \u00d6nemlidir?\",\"datePublished\":\"2026-08-28T09:17:55+00:00\",\"dateModified\":\"2026-08-28T09:20:13+00:00\",\"mainEntityOfPage\":{\"@id\":\"https:\/\/modef.com.tr\/blog\/antre-ve-hol-dekorasyonunda-dogru-dresuar-secimi-neden-onemlidir\/\"},\"wordCount\":403,\"commentCount\":0,\"image\":{\"@id\":\"https:\/\/modef.com.tr\/blog\/antre-ve-hol-dekorasyonunda-dogru-dresuar-secimi-neden-onemlidir\/#primaryimage\"},\"thumbnailUrl\":\"https:\/\/modef.com.tr\/blog\/wp-content\/uploads\/2026\/08\/Gemini_Generated_Image_1hzjk61hzjk61hzj-scaled.jpg\",\"keywords\":[\"ah\u015fap dresuar\",\"antre dekorasyonu\",\"depolama \u00e7\u00f6z\u00fcmleri\",\"dresuar modelleri\",\"ev dekorasyonu\",\"fonksiyonel mobilya\",\"hol dekorasyonu\",\"mobilya trendleri\",\"MODEF\"],\"articleSection\":[\"55. Modef Fuar\u0131\",\"Alan Tasarrufu\",\"Ana Sayfa\",\"\u00c7ok Fonksiyonlu Mobilyalar\",\"Dekorasyon\",\"Dekorasyon Fikirleri\",\"Dekorasyon \u0130pu\u00e7lar\u0131\",\"Dekorasyon Trendleri\",\"Ev Dekorasyonu\",\"Fuar ve Etkinlikler\",\"\u0130\u00e7 Mekan Tasar\u0131m\u0131\",\"\u0130\u00e7 Mekan Tasar\u0131mlar\u0131\",\"\u0130\u00e7 Mimari\",\"K\u00fc\u00e7\u00fck Ev Dekorasyonu\",\"Minimalizm\",\"MODEF 2026 FUAR\",\"Sekt\u00f6rel Trendler\",\"Tasar\u0131m &amp; \u00dcretim\"],\"inLanguage\":\"tr\",\"potentialAction\":[{\"@type\":\"CommentAction\",\"name\":\"Comment\",\"target\":[\"https:\/\/modef.com.tr\/blog\/antre-ve-hol-dekorasyonunda-dogru-dresuar-secimi-neden-onemlidir\/#respond\"]}]},{\"@type\":\"WebPage\",\"@id\":\"https:\/\/modef.com.tr\/blog\/antre-ve-hol-dekorasyonunda-dogru-dresuar-secimi-neden-onemlidir\/\",\"url\":\"https:\/\/modef.com.tr\/blog\/antre-ve-hol-dekorasyonunda-dogru-dresuar-secimi-neden-onemlidir\/\",\"name\":\"Antre ve Hol Dekorasyonunda Do\u011fru Dresuar Se\u00e7imi Neden \u00d6nemlidir? - Modef Blog\",\"isPartOf\":{\"@id\":\"https:\/\/modef.com.tr\/blog\/#website\"},\"primaryImageOfPage\":{\"@id\":\"https:\/\/modef.com.tr\/blog\/antre-ve-hol-dekorasyonunda-dogru-dresuar-secimi-neden-onemlidir\/#primaryimage\"},\"image\":{\"@id\":\"https:\/\/modef.com.tr\/blog\/antre-ve-hol-dekorasyonunda-dogru-dresuar-secimi-neden-onemlidir\/#primaryimage\"},\"thumbnailUrl\":\"https:\/\/modef.com.tr\/blog\/wp-content\/uploads\/2026\/08\/Gemini_Generated_Image_1hzjk61hzjk61hzj-scaled.jpg\",\"datePublished\":\"2026-08-28T09:17:55+00:00\",\"dateModified\":\"2026-08-28T09:20:13+00:00\",\"author\":{\"@id\":\"https:\/\/modef.com.tr\/blog\/#\/schema\/person\/7e314966d0a42821c423252bfb9ba693\"},\"description\":\"Antre ve hol dekorasyonunda ah\u015fap dresuar ile ak\u0131ll\u0131 depolama \u00e7\u00f6z\u00fcmleri yarat\u0131n. Evinizin giri\u015fine \u015f\u0131kl\u0131k katacak mobilya trendlerini hemen ke\u015ffedin.\",\"breadcrumb\":{\"@id\":\"https:\/\/modef.com.tr\/blog\/antre-ve-hol-dekorasyonunda-dogru-dresuar-secimi-neden-onemlidir\/#breadcrumb\"},\"inLanguage\":\"tr\",\"potentialAction\":[{\"@type\":\"ReadAction\",\"target\":[\"https:\/\/modef.com.tr\/blog\/antre-ve-hol-dekorasyonunda-dogru-dresuar-secimi-neden-onemlidir\/\"]}]},{\"@type\":\"ImageObject\",\"inLanguage\":\"tr\",\"@id\":\"https:\/\/modef.com.tr\/blog\/antre-ve-hol-dekorasyonunda-dogru-dresuar-secimi-neden-onemlidir\/#primaryimage\",\"url\":\"https:\/\/modef.com.tr\/blog\/wp-content\/uploads\/2026\/08\/Gemini_Generated_Image_1hzjk61hzjk61hzj-scaled.jpg\",\"contentUrl\":\"https:\/\/modef.com.tr\/blog\/wp-content\/uploads\/2026\/08\/Gemini_Generated_Image_1hzjk61hzjk61hzj-scaled.jpg\",\"width\":2560,\"height\":1396},{\"@type\":\"BreadcrumbList\",\"@id\":\"https:\/\/modef.com.tr\/blog\/antre-ve-hol-dekorasyonunda-dogru-dresuar-secimi-neden-onemlidir\/#breadcrumb\",\"itemListElement\":[{\"@type\":\"ListItem\",\"position\":1,\"name\":\"Anasayfa\",\"item\":\"https:\/\/modef.com.tr\/blog\/\"},{\"@type\":\"ListItem\",\"position\":2,\"name\":\"Antre ve Hol Dekorasyonunda Do\u011fru Dresuar Se\u00e7imi Neden \u00d6nemlidir?\"}]},{\"@type\":\"WebSite\",\"@id\":\"https:\/\/modef.com.tr\/blog\/#website\",\"url\":\"https:\/\/modef.com.tr\/blog\/\",\"name\":\"Modef Blog\",\"description\":\"\u0130neg\u00f6l Mobilya Fuar\u0131 \",\"potentialAction\":[{\"@type\":\"SearchAction\",\"target\":{\"@type\":\"EntryPoint\",\"urlTemplate\":\"https:\/\/modef.com.tr\/blog\/?s={search_term_string}\"},\"query-input\":{\"@type\":\"PropertyValueSpecification\",\"valueRequired\":true,\"valueName\":\"search_term_string\"}}],\"inLanguage\":\"tr\"},{\"@type\":\"Person\",\"@id\":\"https:\/\/modef.com.tr\/blog\/#\/schema\/person\/7e314966d0a42821c423252bfb9ba693\",\"name\":\"Modef Blog\",\"image\":{\"@type\":\"ImageObject\",\"inLanguage\":\"tr\",\"@id\":\"https:\/\/modef.com.tr\/blog\/#\/schema\/person\/image\/\",\"url\":\"https:\/\/secure.gravatar.com\/avatar\/c95b3f7dbc491bcc3d5e547b5886751e4ee0d2d9f5049cbfc2baafad5e49a7ec?s=96&d=mm&r=g\",\"contentUrl\":\"https:\/\/secure.gravatar.com\/avatar\/c95b3f7dbc491bcc3d5e547b5886751e4ee0d2d9f5049cbfc2baafad5e49a7ec?s=96&d=mm&r=g\",\"caption\":\"Modef Blog\"},\"sameAs\":[\"https:\/\/modef.com.tr\/blog\"],\"url\":\"https:\/\/modef.com.tr\/blog\/author\/a4nas5iteingeol\/\"}]}<\/script>\n<!-- \/ Yoast SEO plugin. -->","yoast_head_json":{"title":"Antre ve Hol Dekorasyonunda Do\u011fru Dresuar Se\u00e7imi Neden \u00d6nemlidir? - Modef Blog","description":"Antre ve hol dekorasyonunda ah\u015fap dresuar ile ak\u0131ll\u0131 depolama \u00e7\u00f6z\u00fcmleri yarat\u0131n. Evinizin giri\u015fine \u015f\u0131kl\u0131k katacak mobilya trendlerini hemen ke\u015ffedin.","robots":{"index":"index","follow":"follow","max-snippet":"max-snippet:-1","max-image-preview":"max-image-preview:large","max-video-preview":"max-video-preview:-1"},"canonical":"https:\/\/modef.com.tr\/blog\/antre-ve-hol-dekorasyonunda-dogru-dresuar-secimi-neden-onemlidir\/","og_locale":"tr_TR","og_type":"article","og_title":"Antre ve Hol Dekorasyonunda Do\u011fru Dresuar Se\u00e7imi Neden \u00d6nemlidir? - Modef Blog","og_description":"Antre ve hol dekorasyonunda ah\u015fap dresuar ile ak\u0131ll\u0131 depolama \u00e7\u00f6z\u00fcmleri yarat\u0131n. Evinizin giri\u015fine \u015f\u0131kl\u0131k katacak mobilya trendlerini hemen ke\u015ffedin.","og_url":"https:\/\/modef.com.tr\/blog\/antre-ve-hol-dekorasyonunda-dogru-dresuar-secimi-neden-onemlidir\/","og_site_name":"Modef Blog","article_published_time":"2026-08-28T09:17:55+00:00","article_modified_time":"2026-08-28T09:20:13+00:00","og_image":[{"width":2560,"height":1396,"url":"https:\/\/modef.com.tr\/blog\/wp-content\/uploads\/2026\/08\/Gemini_Generated_Image_1hzjk61hzjk61hzj-scaled.jpg","type":"image\/jpeg"}],"author":"Modef Blog","twitter_card":"summary_large_image","twitter_misc":{"Yazan:":"Modef Blog","Tahmini okuma s\u00fcresi":"2 dakika"},"schema":{"@context":"https:\/\/schema.org","@graph":[{"@type":"Article","@id":"https:\/\/modef.com.tr\/blog\/antre-ve-hol-dekorasyonunda-dogru-dresuar-secimi-neden-onemlidir\/#article","isPartOf":{"@id":"https:\/\/modef.com.tr\/blog\/antre-ve-hol-dekorasyonunda-dogru-dresuar-secimi-neden-onemlidir\/"},"author":{"name":"Modef Blog","@id":"https:\/\/modef.com.tr\/blog\/#\/schema\/person\/7e314966d0a42821c423252bfb9ba693"},"headline":"Antre ve Hol Dekorasyonunda Do\u011fru Dresuar Se\u00e7imi Neden \u00d6nemlidir?","datePublished":"2026-08-28T09:17:55+00:00","dateModified":"2026-08-28T09:20:13+00:00","mainEntityOfPage":{"@id":"https:\/\/modef.com.tr\/blog\/antre-ve-hol-dekorasyonunda-dogru-dresuar-secimi-neden-onemlidir\/"},"wordCount":403,"commentCount":0,"image":{"@id":"https:\/\/modef.com.tr\/blog\/antre-ve-hol-dekorasyonunda-dogru-dresuar-secimi-neden-onemlidir\/#primaryimage"},"thumbnailUrl":"https:\/\/modef.com.tr\/blog\/wp-content\/uploads\/2026\/08\/Gemini_Generated_Image_1hzjk61hzjk61hzj-scaled.jpg","keywords":["ah\u015fap dresuar","antre dekorasyonu","depolama \u00e7\u00f6z\u00fcmleri","dresuar modelleri","ev dekorasyonu","fonksiyonel mobilya","hol dekorasyonu","mobilya trendleri","MODEF"],"articleSection":["55. Modef Fuar\u0131","Alan Tasarrufu","Ana Sayfa","\u00c7ok Fonksiyonlu Mobilyalar","Dekorasyon","Dekorasyon Fikirleri","Dekorasyon \u0130pu\u00e7lar\u0131","Dekorasyon Trendleri","Ev Dekorasyonu","Fuar ve Etkinlikler","\u0130\u00e7 Mekan Tasar\u0131m\u0131","\u0130\u00e7 Mekan Tasar\u0131mlar\u0131","\u0130\u00e7 Mimari","K\u00fc\u00e7\u00fck Ev Dekorasyonu","Minimalizm","MODEF 2026 FUAR","Sekt\u00f6rel Trendler","Tasar\u0131m &amp; \u00dcretim"],"inLanguage":"tr","potentialAction":[{"@type":"CommentAction","name":"Comment","target":["https:\/\/modef.com.tr\/blog\/antre-ve-hol-dekorasyonunda-dogru-dresuar-secimi-neden-onemlidir\/#respond"]}]},{"@type":"WebPage","@id":"https:\/\/modef.com.tr\/blog\/antre-ve-hol-dekorasyonunda-dogru-dresuar-secimi-neden-onemlidir\/","url":"https:\/\/modef.com.tr\/blog\/antre-ve-hol-dekorasyonunda-dogru-dresuar-secimi-neden-onemlidir\/","name":"Antre ve Hol Dekorasyonunda Do\u011fru Dresuar Se\u00e7imi Neden \u00d6nemlidir? - Modef Blog","isPartOf":{"@id":"https:\/\/modef.com.tr\/blog\/#website"},"primaryImageOfPage":{"@id":"https:\/\/modef.com.tr\/blog\/antre-ve-hol-dekorasyonunda-dogru-dresuar-secimi-neden-onemlidir\/#primaryimage"},"image":{"@id":"https:\/\/modef.com.tr\/blog\/antre-ve-hol-dekorasyonunda-dogru-dresuar-secimi-neden-onemlidir\/#primaryimage"},"thumbnailUrl":"https:\/\/modef.com.tr\/blog\/wp-content\/uploads\/2026\/08\/Gemini_Generated_Image_1hzjk61hzjk61hzj-scaled.jpg","datePublished":"2026-08-28T09:17:55+00:00","dateModified":"2026-08-28T09:20:13+00:00","author":{"@id":"https:\/\/modef.com.tr\/blog\/#\/schema\/person\/7e314966d0a42821c423252bfb9ba693"},"description":"Antre ve hol dekorasyonunda ah\u015fap dresuar ile ak\u0131ll\u0131 depolama \u00e7\u00f6z\u00fcmleri yarat\u0131n. Evinizin giri\u015fine \u015f\u0131kl\u0131k katacak mobilya trendlerini hemen ke\u015ffedin.","breadcrumb":{"@id":"https:\/\/modef.com.tr\/blog\/antre-ve-hol-dekorasyonunda-dogru-dresuar-secimi-neden-onemlidir\/#breadcrumb"},"inLanguage":"tr","potentialAction":[{"@type":"ReadAction","target":["https:\/\/modef.com.tr\/blog\/antre-ve-hol-dekorasyonunda-dogru-dresuar-secimi-neden-onemlidir\/"]}]},{"@type":"ImageObject","inLanguage":"tr","@id":"https:\/\/modef.com.tr\/blog\/antre-ve-hol-dekorasyonunda-dogru-dresuar-secimi-neden-onemlidir\/#primaryimage","url":"https:\/\/modef.com.tr\/blog\/wp-content\/uploads\/2026\/08\/Gemini_Generated_Image_1hzjk61hzjk61hzj-scaled.jpg","contentUrl":"https:\/\/modef.com.tr\/blog\/wp-content\/uploads\/2026\/08\/Gemini_Generated_Image_1hzjk61hzjk61hzj-scaled.jpg","width":2560,"height":1396},{"@type":"BreadcrumbList","@id":"https:\/\/modef.com.tr\/blog\/antre-ve-hol-dekorasyonunda-dogru-dresuar-secimi-neden-onemlidir\/#breadcrumb","itemListElement":[{"@type":"ListItem","position":1,"name":"Anasayfa","item":"https:\/\/modef.com.tr\/blog\/"},{"@type":"ListItem","position":2,"name":"Antre ve Hol Dekorasyonunda Do\u011fru Dresuar Se\u00e7imi Neden \u00d6nemlidir?"}]},{"@type":"WebSite","@id":"https:\/\/modef.com.tr\/blog\/#website","url":"https:\/\/modef.com.tr\/blog\/","name":"Modef Blog","description":"\u0130neg\u00f6l Mobilya Fuar\u0131 ","potentialAction":[{"@type":"SearchAction","target":{"@type":"EntryPoint","urlTemplate":"https:\/\/modef.com.tr\/blog\/?s={search_term_string}"},"query-input":{"@type":"PropertyValueSpecification","valueRequired":true,"valueName":"search_term_string"}}],"inLanguage":"tr"},{"@type":"Person","@id":"https:\/\/modef.com.tr\/blog\/#\/schema\/person\/7e314966d0a42821c423252bfb9ba693","name":"Modef Blog","image":{"@type":"ImageObject","inLanguage":"tr","@id":"https:\/\/modef.com.tr\/blog\/#\/schema\/person\/image\/","url":"https:\/\/secure.gravatar.com\/avatar\/c95b3f7dbc491bcc3d5e547b5886751e4ee0d2d9f5049cbfc2baafad5e49a7ec?s=96&d=mm&r=g","contentUrl":"https:\/\/secure.gravatar.com\/avatar\/c95b3f7dbc491bcc3d5e547b5886751e4ee0d2d9f5049cbfc2baafad5e49a7ec?s=96&d=mm&r=g","caption":"Modef Blog"},"sameAs":["https:\/\/modef.com.tr\/blog"],"url":"https:\/\/modef.com.tr\/blog\/author\/a4nas5iteingeol\/"}]}},"_links":{"self":[{"href":"https:\/\/modef.com.tr\/blog\/wp-json\/wp\/v2\/posts\/3025","targetHints":{"allow":["GET"]}}],"collection":[{"href":"https:\/\/modef.com.tr\/blog\/wp-json\/wp\/v2\/posts"}],"about":[{"href":"https:\/\/modef.com.tr\/blog\/wp-json\/wp\/v2\/types\/post"}],"author":[{"embeddable":true,"href":"https:\/\/modef.com.tr\/blog\/wp-json\/wp\/v2\/users\/1"}],"replies":[{"embeddable":true,"href":"https:\/\/modef.com.tr\/blog\/wp-json\/wp\/v2\/comments?post=3025"}],"version-history":[{"count":3,"href":"https:\/\/modef.com.tr\/blog\/wp-json\/wp\/v2\/posts\/3025\/revisions"}],"predecessor-version":[{"id":3032,"href":"https:\/\/modef.com.tr\/blog\/wp-json\/wp\/v2\/posts\/3025\/revisions\/3032"}],"wp:featuredmedia":[{"embeddable":true,"href":"https:\/\/modef.com.tr\/blog\/wp-json\/wp\/v2\/media\/3027"}],"wp:attachment":[{"href":"https:\/\/modef.com.tr\/blog\/wp-json\/wp\/v2\/media?parent=3025"}],"wp:term":[{"taxonomy":"category","embeddable":true,"href":"https:\/\/modef.com.tr\/blog\/wp-json\/wp\/v2\/categories?post=3025"},{"taxonomy":"post_tag","embeddable":true,"href":"https:\/\/modef.com.tr\/blog\/wp-json\/wp\/v2\/tags?post=3025"}],"curies":[{"name":"wp","href":"https:\/\/api.w.org\/{rel}","templated":true}]}}