{"id":3021,"date":"2026-08-21T16:16:41","date_gmt":"2026-08-21T13:16:41","guid":{"rendered":"https:\/\/modef.com.tr\/blog\/?p=3021"},"modified":"2026-08-27T16:32:06","modified_gmt":"2026-08-27T13:32:06","slug":"kucuk-evler-icin-hayat-kurtaran-cok-fonksiyonlu-mobilya-fikirleri","status":"publish","type":"post","link":"https:\/\/modef.com.tr\/blog\/kucuk-evler-icin-hayat-kurtaran-cok-fonksiyonlu-mobilya-fikirleri\/","title":{"rendered":"K\u00fc\u00e7\u00fck Evler \u0130\u00e7in Hayat Kurtaran \u00c7ok Fonksiyonlu Mobilya Fikirleri"},"content":{"rendered":"<p data-path-to-node=\"4\">\u015eehir hayat\u0131 giderek de\u011fi\u015fiyor. Bunun sonucunda, ya\u015fam alanlar\u0131m\u0131z art\u0131k \u00e7ok daha k\u00fc\u00e7\u00fck. \u00d6zellikle st\u00fcdyo daireler ve 1+1 evler giderek pop\u00fclerle\u015fiyor. Bu nedenle, yarat\u0131c\u0131 dekorasyon \u00e7\u00f6z\u00fcmleri bulmak zorunlu hale geliyor.<\/p>\n<p data-path-to-node=\"5\">K\u00fc\u00e7\u00fck bir evde ya\u015famak konfordan vazge\u00e7mek demek de\u011fildir. Ayr\u0131ca, \u015f\u0131kl\u0131ktan \u00f6d\u00fcn vermenize de hi\u00e7 gerek yok. \u0130\u015fte tam bu noktada, \u00e7ok fonksiyonlu mobilyalar hayat kurtar\u0131r. B\u00f6ylece, dar alanlar\u0131 bile ferah ve kullan\u0131\u015fl\u0131 hale getirebilirsiniz. K\u0131sacas\u0131, a\u015fa\u011f\u0131da dekorasyona yepyeni bir soluk getiren ak\u0131ll\u0131 mobilya fikirlerini bulabilirsiniz!<\/p>\n<h2 data-path-to-node=\"6\"><strong>Neden \u00c7ok Fonksiyonlu Mobilyalar Tercih Etmelisiniz?<\/strong><\/h2>\n<p data-path-to-node=\"7\">\u00c7ok ama\u00e7l\u0131 mobilyalar \u00f6ncelikle ciddi anlamda alandan tasarruf etmenizi sa\u011flar. Bununla birlikte, evinizin genel d\u00fczenini de korur. \u00d6zetle, bu tasar\u0131mlar\u0131n size sundu\u011fu temel avantajlar \u015funlard\u0131r:<\/p>\n<ul data-path-to-node=\"8\">\n<li>\n<p data-path-to-node=\"8,0,0\"><strong>Alan Verimlili\u011fi:<\/strong> Bir e\u015fyay\u0131 iki farkl\u0131 ama\u00e7la kullanabilirsiniz. Dolay\u0131s\u0131yla, mevcut metrekareleri adeta ikiye katlam\u0131\u015f olursunuz.<\/p>\n<\/li>\n<li>\n<p data-path-to-node=\"8,1,0\"><strong>B\u00fct\u00e7e Dostu \u00c7\u00f6z\u00fcmler:<\/strong> \u0130ki ayr\u0131 mobilya almak yerine tek \u00fcr\u00fcn al\u0131rs\u0131n\u0131z. B\u00f6ylelikle, ak\u0131ll\u0131 tasar\u0131mlarla b\u00fct\u00e7enizi \u00e7ok daha kolay koruyabilirsiniz.<\/p>\n<\/li>\n<li>\n<p data-path-to-node=\"8,2,0\"><strong>Minimalist G\u00f6r\u00fcn\u00fcm:<\/strong> Gizli b\u00f6lmeler evdeki da\u011f\u0131n\u0131kl\u0131\u011f\u0131 an\u0131nda ortadan kald\u0131r\u0131r. \u00dcstelik, g\u00f6z yormayan ve temiz bir dekorasyon stili yarat\u0131rs\u0131n\u0131z.<\/p>\n<\/li>\n<\/ul>\n<h2 data-path-to-node=\"9\"><strong>K\u00fc\u00e7\u00fck Alanlar\u0131 B\u00fcy\u00fcten Ak\u0131ll\u0131 Mobilya Fikirleri<\/strong><\/h2>\n<p><img fetchpriority=\"high\" decoding=\"async\" class=\"wp-image-3022 alignright\" src=\"https:\/\/modef.com.tr\/blog\/wp-content\/uploads\/2026\/08\/Gemini_Generated_Image_5sv6d15sv6d15sv6-300x164.jpg\" alt=\"\" width=\"428\" height=\"234\" srcset=\"https:\/\/modef.com.tr\/blog\/wp-content\/uploads\/2026\/08\/Gemini_Generated_Image_5sv6d15sv6d15sv6-300x164.jpg 300w, https:\/\/modef.com.tr\/blog\/wp-content\/uploads\/2026\/08\/Gemini_Generated_Image_5sv6d15sv6d15sv6-1024x559.jpg 1024w, https:\/\/modef.com.tr\/blog\/wp-content\/uploads\/2026\/08\/Gemini_Generated_Image_5sv6d15sv6d15sv6-768x419.jpg 768w, https:\/\/modef.com.tr\/blog\/wp-content\/uploads\/2026\/08\/Gemini_Generated_Image_5sv6d15sv6d15sv6-1536x838.jpg 1536w, https:\/\/modef.com.tr\/blog\/wp-content\/uploads\/2026\/08\/Gemini_Generated_Image_5sv6d15sv6d15sv6-2048x1117.jpg 2048w, https:\/\/modef.com.tr\/blog\/wp-content\/uploads\/2026\/08\/Gemini_Generated_Image_5sv6d15sv6d15sv6-600x327.jpg 600w, https:\/\/modef.com.tr\/blog\/wp-content\/uploads\/2026\/08\/Gemini_Generated_Image_5sv6d15sv6d15sv6-750x409.jpg 750w, https:\/\/modef.com.tr\/blog\/wp-content\/uploads\/2026\/08\/Gemini_Generated_Image_5sv6d15sv6d15sv6-1140x622.jpg 1140w\" sizes=\"(max-width: 428px) 100vw, 428px\" \/><\/p>\n<h3 data-path-to-node=\"10\"><strong>1. Depolamal\u0131 ve Yatakl\u0131 Kanepeler<\/strong><\/h3>\n<p data-path-to-node=\"11\">Salonunuz ayn\u0131 zamanda misafir odan\u0131z olabilir. Bu durumda, yatak olabilen kanepeler se\u00e7mek ilk kurald\u0131r. Fakat sadece yatak olmas\u0131 art\u0131k yeterli gelmiyor. \u00c7\u00fcnk\u00fc, alt\u0131nda geni\u015f baza bulunan modeller bug\u00fcnlerde \u00e7ok daha pop\u00fcler. \u00dcstelik, bu gizli alanlar fazla e\u015fyalar\u0131n\u0131z\u0131 kolayca saklar. \u00d6rne\u011fin, yast\u0131k ve yorganlar i\u00e7in harika bir \u00e7\u00f6z\u00fcmd\u00fcr.<\/p>\n<h3 data-path-to-node=\"12\"><strong>2. Duvara Monte Katlan\u0131r Masalar<\/strong><\/h3>\n<p data-path-to-node=\"13\">Mutfaklar ve \u00e7al\u0131\u015fma odalar\u0131 genellikle \u00e7ok dard\u0131r. Bu y\u00fczden, b\u00fcy\u00fck yemek masalar\u0131 hareket alan\u0131n\u0131z\u0131 ciddi \u015fekilde k\u0131s\u0131tlar. Buna kar\u015f\u0131l\u0131k, duvara monte katlan\u0131r masalar harika bir alternatiftir. Sadece yemek yerken veya \u00e7al\u0131\u015f\u0131rken masay\u0131 a\u00e7ars\u0131n\u0131z. Ard\u0131ndan, i\u015finiz bitti\u011finde kapan\u0131r ve mekanda hi\u00e7 yer kaplamaz. Hatta baz\u0131 modeller kapand\u0131\u011f\u0131nda \u015f\u0131k bir tablo gibi g\u00f6r\u00fcn\u00fcr.<\/p>\n<h3 data-path-to-node=\"14\"><strong>3. Y\u00fckseltilebilen Ak\u0131ll\u0131 Sehpalar<\/strong><\/h3>\n<p data-path-to-node=\"15\">Orta sehpalar salonlar\u0131n vazge\u00e7ilmez bir par\u00e7as\u0131d\u0131r. Buna ra\u011fmen, dar alanlarda bu sehpalar hantal durabilir. Bunun yerine, yukar\u0131 do\u011fru y\u00fckselen ak\u0131ll\u0131 sehpalar \u00e7ok daha kullan\u0131\u015fl\u0131d\u0131r. \u00c7\u00fcnk\u00fc bu \u00fcr\u00fcnler an\u0131nda \u00e7al\u0131\u015fma veya yemek masas\u0131na d\u00f6n\u00fc\u015f\u00fcr. Ayr\u0131ca, zigon sehpalarla birle\u015fen kompakt modeller de mevcuttur. Sonu\u00e7 olarak, misafir a\u011f\u0131rlarken size b\u00fcy\u00fck bir hareket alan\u0131 sunarlar.<\/p>\n<h3 data-path-to-node=\"16\"><strong>4. Mod\u00fcler Duvar \u00dcniteleri<\/strong><\/h3>\n<p data-path-to-node=\"17\">Televizyon \u00fcnitelerini sadece basit bir stand sanmay\u0131n. Bunun yerine, tavana kadar uzanan mod\u00fcler sistemler tercih edebilirsiniz. \u00dcstelik bu \u00fcniteler kitapl\u0131k, vitrin ve dolap b\u00f6l\u00fcmleri i\u00e7erir. Neticede, k\u00fc\u00e7\u00fck salonlardaki t\u00fcm depolama y\u00fck\u00fcn\u00fc tek ba\u015f\u0131na \u00e7ekerler.<\/p>\n<h2 data-path-to-node=\"18\"><strong>Gelece\u011fin Mobilya Trendlerini MODEF\u2019te Ke\u015ffedin<\/strong><\/h2>\n<p data-path-to-node=\"19\">Mobilya sekt\u00f6r\u00fcn\u00fcn kalbi MODEF fuar\u0131nda at\u0131yor. Bilindi\u011fi gibi, en son 54.s\u00fc d\u00fczenlenen fuar\u0131m\u0131z yine b\u00fcy\u00fck ilgi g\u00f6rd\u00fc. \u00c7\u00fcnk\u00fc MODEF, \u00fcretici ve t\u00fcketiciyi bulu\u015fturan dev bir platformdur. B\u00f6ylece, \u0130neg\u00f6l mobilyas\u0131n\u0131n tasar\u0131m g\u00fcc\u00fcn\u00fc fuarlar\u0131m\u0131zda yak\u0131ndan g\u00f6rebilirsiniz.<\/p>\n<p data-path-to-node=\"20\">Ak\u0131ll\u0131 ve \u00e7ok fonksiyonlu mobilyalar\u0131n en iyi \u00f6rnekleri kesinlikle buradad\u0131r. Ayr\u0131ca, k\u00fc\u00e7\u00fclen ya\u015fam alanlar\u0131na estetik ve yenilik katmaya devam ediyoruz. Art\u0131k evinizi ak\u0131ll\u0131 \u00e7\u00f6z\u00fcmlerle ba\u015ftan yaratmak \u00e7ok kolay. O halde, mobilya d\u00fcnyas\u0131ndaki en yeni trendleri bizimle takip edin. Son olarak, MODEF&#8217;in dijital d\u00fcnyas\u0131nda kalmaya ve yenilikleri ke\u015ffetmeye devam edin!<\/p>\n","protected":false},"excerpt":{"rendered":"<p>\u015eehir hayat\u0131 giderek de\u011fi\u015fiyor. Bunun sonucunda, ya\u015fam alanlar\u0131m\u0131z art\u0131k \u00e7ok daha k\u00fc\u00e7\u00fck. \u00d6zellikle st\u00fcdyo daireler ve 1+1 evler giderek pop\u00fclerle\u015fiyor. Bu nedenle, yarat\u0131c\u0131 dekorasyon \u00e7\u00f6z\u00fcmleri bulmak zorunlu hale geliyor. K\u00fc\u00e7\u00fck bir evde ya\u015famak konfordan vazge\u00e7mek demek de\u011fildir. Ayr\u0131ca, \u015f\u0131kl\u0131ktan \u00f6d\u00fcn vermenize de hi\u00e7 gerek yok. \u0130\u015fte tam bu noktada, \u00e7ok fonksiyonlu mobilyalar hayat kurtar\u0131r. B\u00f6ylece, [&hellip;]<\/p>\n","protected":false},"author":1,"featured_media":3023,"comment_status":"open","ping_status":"open","sticky":false,"template":"","format":"standard","meta":{"jnews-multi-image_gallery":[],"jnews_single_post":{"subtitle":""},"jnews_primary_category":[],"jnews_social_meta":[],"jnews_paywall_metabox":[],"jnews_override_counter":[],"jnews_post_split":[],"footnotes":""},"categories":[528,479,537,210,535,318,389,539,540,376,534,538,319,520,511,390,480,213,536],"tags":[483,543,548,542,545,544,436,445,547,541,552,91,460,549,550,551,546],"class_list":["post-3021","post","type-post","status-publish","format-standard","has-post-thumbnail","hentry","category-55-modef-fuari","category-akilli-ev-teknolojileri","category-alan-tasarrufu","category-ana-sayfa","category-cok-fonksiyonlu-mobilyalar","category-dekorasyon","category-dekorasyon-fikirleri","category-dekorasyon-trendleri","category-ev-yasami","category-fuar","category-kucuk-ev-dekorasyonu","category-minimalizm","category-mobilya-rehberi","category-mobilya-sektoru","category-mobilya-tasarimi","category-mobilya-trendleri","category-mobilya-ve-dekorasyon","category-modef-2026-fuar","category-studyo-daire-dekorasyonu","tag-akilli-mobilya","tag-akilli-mobilya-fikirleri","tag-akilli-sehpa","tag-cok-fonksiyonlu-mobilyalar","tag-dar-alan-dekorasyonu","tag-dar-alanlar-icin-mobilya","tag-ev-dekorasyonu","tag-inegol-mobilya","tag-katlanir-masa","tag-kucuk-ev-dekorasyonu","tag-minimalist-dekorasyon","tag-modef","tag-modef-fuari","tag-moduler-duvar-unitesi","tag-studyo-daire-dekorasyonu","tag-yatakli-kanepe","tag-yer-kazandiran-mobilyalar"],"yoast_head":"<!-- This site is optimized with the Yoast SEO plugin v26.9 - https:\/\/yoast.com\/product\/yoast-seo-wordpress\/ -->\n<title>K\u00fc\u00e7\u00fck Evler \u0130\u00e7in Hayat Kurtaran \u00c7ok Fonksiyonlu Mobilya Fikirleri - Modef Blog<\/title>\n<meta name=\"description\" content=\"Dar alanlar\u0131 geni\u015fleten, hayat kurtaran \u00e7ok fonksiyonlu ve ak\u0131ll\u0131 mobilya fikirleri ile tan\u0131\u015f\u0131n. K\u00fc\u00e7\u00fck ev dekorasyonu i\u00e7in en yenilik\u00e7i \u00e7\u00f6z\u00fcmler MODEF&#039;te!\" \/>\n<meta name=\"robots\" content=\"index, follow, max-snippet:-1, max-image-preview:large, max-video-preview:-1\" \/>\n<link rel=\"canonical\" href=\"https:\/\/modef.com.tr\/blog\/kucuk-evler-icin-hayat-kurtaran-cok-fonksiyonlu-mobilya-fikirleri\/\" \/>\n<meta property=\"og:locale\" content=\"tr_TR\" \/>\n<meta property=\"og:type\" content=\"article\" \/>\n<meta property=\"og:title\" content=\"K\u00fc\u00e7\u00fck Evler \u0130\u00e7in Hayat Kurtaran \u00c7ok Fonksiyonlu Mobilya Fikirleri - Modef Blog\" \/>\n<meta property=\"og:description\" content=\"Dar alanlar\u0131 geni\u015fleten, hayat kurtaran \u00e7ok fonksiyonlu ve ak\u0131ll\u0131 mobilya fikirleri ile tan\u0131\u015f\u0131n. K\u00fc\u00e7\u00fck ev dekorasyonu i\u00e7in en yenilik\u00e7i \u00e7\u00f6z\u00fcmler MODEF&#039;te!\" \/>\n<meta property=\"og:url\" content=\"https:\/\/modef.com.tr\/blog\/kucuk-evler-icin-hayat-kurtaran-cok-fonksiyonlu-mobilya-fikirleri\/\" \/>\n<meta property=\"og:site_name\" content=\"Modef Blog\" \/>\n<meta property=\"article:published_time\" content=\"2026-08-21T13:16:41+00:00\" \/>\n<meta property=\"article:modified_time\" content=\"2026-08-27T13:32:06+00:00\" \/>\n<meta property=\"og:image\" content=\"https:\/\/modef.com.tr\/blog\/wp-content\/uploads\/2026\/08\/Gemini_Generated_Image_5kltz75kltz75klt-scaled.jpg\" \/>\n\t<meta property=\"og:image:width\" content=\"2560\" \/>\n\t<meta property=\"og:image:height\" content=\"1396\" \/>\n\t<meta property=\"og:image:type\" content=\"image\/jpeg\" \/>\n<meta name=\"author\" content=\"Modef Blog\" \/>\n<meta name=\"twitter:card\" content=\"summary_large_image\" \/>\n<meta name=\"twitter:label1\" content=\"Yazan:\" \/>\n\t<meta name=\"twitter:data1\" content=\"Modef Blog\" \/>\n\t<meta name=\"twitter:label2\" content=\"Tahmini okuma s\u00fcresi\" \/>\n\t<meta name=\"twitter:data2\" content=\"4 dakika\" \/>\n<script type=\"application\/ld+json\" class=\"yoast-schema-graph\">{\"@context\":\"https:\/\/schema.org\",\"@graph\":[{\"@type\":\"Article\",\"@id\":\"https:\/\/modef.com.tr\/blog\/kucuk-evler-icin-hayat-kurtaran-cok-fonksiyonlu-mobilya-fikirleri\/#article\",\"isPartOf\":{\"@id\":\"https:\/\/modef.com.tr\/blog\/kucuk-evler-icin-hayat-kurtaran-cok-fonksiyonlu-mobilya-fikirleri\/\"},\"author\":{\"name\":\"Modef Blog\",\"@id\":\"https:\/\/modef.com.tr\/blog\/#\/schema\/person\/7e314966d0a42821c423252bfb9ba693\"},\"headline\":\"K\u00fc\u00e7\u00fck Evler \u0130\u00e7in Hayat Kurtaran \u00c7ok Fonksiyonlu Mobilya Fikirleri\",\"datePublished\":\"2026-08-21T13:16:41+00:00\",\"dateModified\":\"2026-08-27T13:32:06+00:00\",\"mainEntityOfPage\":{\"@id\":\"https:\/\/modef.com.tr\/blog\/kucuk-evler-icin-hayat-kurtaran-cok-fonksiyonlu-mobilya-fikirleri\/\"},\"wordCount\":645,\"commentCount\":0,\"image\":{\"@id\":\"https:\/\/modef.com.tr\/blog\/kucuk-evler-icin-hayat-kurtaran-cok-fonksiyonlu-mobilya-fikirleri\/#primaryimage\"},\"thumbnailUrl\":\"https:\/\/modef.com.tr\/blog\/wp-content\/uploads\/2026\/08\/Gemini_Generated_Image_5kltz75kltz75klt-scaled.jpg\",\"keywords\":[\"ak\u0131ll\u0131 mobilya\",\"ak\u0131ll\u0131 mobilya fikirleri\",\"ak\u0131ll\u0131 sehpa\",\"\u00e7ok fonksiyonlu mobilyalar\",\"dar alan dekorasyonu\",\"dar alanlar i\u00e7in mobilya\",\"ev dekorasyonu\",\"\u0130neg\u00f6l mobilya\",\"katlan\u0131r masa\",\"k\u00fc\u00e7\u00fck ev dekorasyonu\",\"minimalist dekorasyon\",\"MODEF\",\"Modef fuar\u0131\",\"mod\u00fcler duvar \u00fcnitesi\",\"st\u00fcdyo daire dekorasyonu\",\"yatakl\u0131 kanepe\",\"yer kazand\u0131ran mobilyalar\"],\"articleSection\":[\"55. Modef Fuar\u0131\",\"Ak\u0131ll\u0131 ev teknolojileri\",\"Alan Tasarrufu\",\"Ana Sayfa\",\"\u00c7ok Fonksiyonlu Mobilyalar\",\"Dekorasyon\",\"Dekorasyon Fikirleri\",\"Dekorasyon Trendleri\",\"Ev Ya\u015fam\u0131\",\"Fuar\",\"K\u00fc\u00e7\u00fck Ev Dekorasyonu\",\"Minimalizm\",\"Mobilya Rehberi\",\"Mobilya Sekt\u00f6r\u00fc\",\"Mobilya Tasar\u0131m\u0131\",\"Mobilya trendleri\",\"Mobilya ve Dekorasyon\",\"MODEF 2026 FUAR\",\"St\u00fcdyo Daire Dekorasyonu\"],\"inLanguage\":\"tr\",\"potentialAction\":[{\"@type\":\"CommentAction\",\"name\":\"Comment\",\"target\":[\"https:\/\/modef.com.tr\/blog\/kucuk-evler-icin-hayat-kurtaran-cok-fonksiyonlu-mobilya-fikirleri\/#respond\"]}]},{\"@type\":\"WebPage\",\"@id\":\"https:\/\/modef.com.tr\/blog\/kucuk-evler-icin-hayat-kurtaran-cok-fonksiyonlu-mobilya-fikirleri\/\",\"url\":\"https:\/\/modef.com.tr\/blog\/kucuk-evler-icin-hayat-kurtaran-cok-fonksiyonlu-mobilya-fikirleri\/\",\"name\":\"K\u00fc\u00e7\u00fck Evler \u0130\u00e7in Hayat Kurtaran \u00c7ok Fonksiyonlu Mobilya Fikirleri - Modef Blog\",\"isPartOf\":{\"@id\":\"https:\/\/modef.com.tr\/blog\/#website\"},\"primaryImageOfPage\":{\"@id\":\"https:\/\/modef.com.tr\/blog\/kucuk-evler-icin-hayat-kurtaran-cok-fonksiyonlu-mobilya-fikirleri\/#primaryimage\"},\"image\":{\"@id\":\"https:\/\/modef.com.tr\/blog\/kucuk-evler-icin-hayat-kurtaran-cok-fonksiyonlu-mobilya-fikirleri\/#primaryimage\"},\"thumbnailUrl\":\"https:\/\/modef.com.tr\/blog\/wp-content\/uploads\/2026\/08\/Gemini_Generated_Image_5kltz75kltz75klt-scaled.jpg\",\"datePublished\":\"2026-08-21T13:16:41+00:00\",\"dateModified\":\"2026-08-27T13:32:06+00:00\",\"author\":{\"@id\":\"https:\/\/modef.com.tr\/blog\/#\/schema\/person\/7e314966d0a42821c423252bfb9ba693\"},\"description\":\"Dar alanlar\u0131 geni\u015fleten, hayat kurtaran \u00e7ok fonksiyonlu ve ak\u0131ll\u0131 mobilya fikirleri ile tan\u0131\u015f\u0131n. K\u00fc\u00e7\u00fck ev dekorasyonu i\u00e7in en yenilik\u00e7i \u00e7\u00f6z\u00fcmler MODEF'te!\",\"breadcrumb\":{\"@id\":\"https:\/\/modef.com.tr\/blog\/kucuk-evler-icin-hayat-kurtaran-cok-fonksiyonlu-mobilya-fikirleri\/#breadcrumb\"},\"inLanguage\":\"tr\",\"potentialAction\":[{\"@type\":\"ReadAction\",\"target\":[\"https:\/\/modef.com.tr\/blog\/kucuk-evler-icin-hayat-kurtaran-cok-fonksiyonlu-mobilya-fikirleri\/\"]}]},{\"@type\":\"ImageObject\",\"inLanguage\":\"tr\",\"@id\":\"https:\/\/modef.com.tr\/blog\/kucuk-evler-icin-hayat-kurtaran-cok-fonksiyonlu-mobilya-fikirleri\/#primaryimage\",\"url\":\"https:\/\/modef.com.tr\/blog\/wp-content\/uploads\/2026\/08\/Gemini_Generated_Image_5kltz75kltz75klt-scaled.jpg\",\"contentUrl\":\"https:\/\/modef.com.tr\/blog\/wp-content\/uploads\/2026\/08\/Gemini_Generated_Image_5kltz75kltz75klt-scaled.jpg\",\"width\":2560,\"height\":1396},{\"@type\":\"BreadcrumbList\",\"@id\":\"https:\/\/modef.com.tr\/blog\/kucuk-evler-icin-hayat-kurtaran-cok-fonksiyonlu-mobilya-fikirleri\/#breadcrumb\",\"itemListElement\":[{\"@type\":\"ListItem\",\"position\":1,\"name\":\"Anasayfa\",\"item\":\"https:\/\/modef.com.tr\/blog\/\"},{\"@type\":\"ListItem\",\"position\":2,\"name\":\"K\u00fc\u00e7\u00fck Evler \u0130\u00e7in Hayat Kurtaran \u00c7ok Fonksiyonlu Mobilya Fikirleri\"}]},{\"@type\":\"WebSite\",\"@id\":\"https:\/\/modef.com.tr\/blog\/#website\",\"url\":\"https:\/\/modef.com.tr\/blog\/\",\"name\":\"Modef Blog\",\"description\":\"\u0130neg\u00f6l Mobilya Fuar\u0131 \",\"potentialAction\":[{\"@type\":\"SearchAction\",\"target\":{\"@type\":\"EntryPoint\",\"urlTemplate\":\"https:\/\/modef.com.tr\/blog\/?s={search_term_string}\"},\"query-input\":{\"@type\":\"PropertyValueSpecification\",\"valueRequired\":true,\"valueName\":\"search_term_string\"}}],\"inLanguage\":\"tr\"},{\"@type\":\"Person\",\"@id\":\"https:\/\/modef.com.tr\/blog\/#\/schema\/person\/7e314966d0a42821c423252bfb9ba693\",\"name\":\"Modef Blog\",\"image\":{\"@type\":\"ImageObject\",\"inLanguage\":\"tr\",\"@id\":\"https:\/\/modef.com.tr\/blog\/#\/schema\/person\/image\/\",\"url\":\"https:\/\/secure.gravatar.com\/avatar\/c95b3f7dbc491bcc3d5e547b5886751e4ee0d2d9f5049cbfc2baafad5e49a7ec?s=96&d=mm&r=g\",\"contentUrl\":\"https:\/\/secure.gravatar.com\/avatar\/c95b3f7dbc491bcc3d5e547b5886751e4ee0d2d9f5049cbfc2baafad5e49a7ec?s=96&d=mm&r=g\",\"caption\":\"Modef Blog\"},\"sameAs\":[\"https:\/\/modef.com.tr\/blog\"],\"url\":\"https:\/\/modef.com.tr\/blog\/author\/a4nas5iteingeol\/\"}]}<\/script>\n<!-- \/ Yoast SEO plugin. -->","yoast_head_json":{"title":"K\u00fc\u00e7\u00fck Evler \u0130\u00e7in Hayat Kurtaran \u00c7ok Fonksiyonlu Mobilya Fikirleri - Modef Blog","description":"Dar alanlar\u0131 geni\u015fleten, hayat kurtaran \u00e7ok fonksiyonlu ve ak\u0131ll\u0131 mobilya fikirleri ile tan\u0131\u015f\u0131n. K\u00fc\u00e7\u00fck ev dekorasyonu i\u00e7in en yenilik\u00e7i \u00e7\u00f6z\u00fcmler MODEF'te!","robots":{"index":"index","follow":"follow","max-snippet":"max-snippet:-1","max-image-preview":"max-image-preview:large","max-video-preview":"max-video-preview:-1"},"canonical":"https:\/\/modef.com.tr\/blog\/kucuk-evler-icin-hayat-kurtaran-cok-fonksiyonlu-mobilya-fikirleri\/","og_locale":"tr_TR","og_type":"article","og_title":"K\u00fc\u00e7\u00fck Evler \u0130\u00e7in Hayat Kurtaran \u00c7ok Fonksiyonlu Mobilya Fikirleri - Modef Blog","og_description":"Dar alanlar\u0131 geni\u015fleten, hayat kurtaran \u00e7ok fonksiyonlu ve ak\u0131ll\u0131 mobilya fikirleri ile tan\u0131\u015f\u0131n. K\u00fc\u00e7\u00fck ev dekorasyonu i\u00e7in en yenilik\u00e7i \u00e7\u00f6z\u00fcmler MODEF'te!","og_url":"https:\/\/modef.com.tr\/blog\/kucuk-evler-icin-hayat-kurtaran-cok-fonksiyonlu-mobilya-fikirleri\/","og_site_name":"Modef Blog","article_published_time":"2026-08-21T13:16:41+00:00","article_modified_time":"2026-08-27T13:32:06+00:00","og_image":[{"width":2560,"height":1396,"url":"https:\/\/modef.com.tr\/blog\/wp-content\/uploads\/2026\/08\/Gemini_Generated_Image_5kltz75kltz75klt-scaled.jpg","type":"image\/jpeg"}],"author":"Modef Blog","twitter_card":"summary_large_image","twitter_misc":{"Yazan:":"Modef Blog","Tahmini okuma s\u00fcresi":"4 dakika"},"schema":{"@context":"https:\/\/schema.org","@graph":[{"@type":"Article","@id":"https:\/\/modef.com.tr\/blog\/kucuk-evler-icin-hayat-kurtaran-cok-fonksiyonlu-mobilya-fikirleri\/#article","isPartOf":{"@id":"https:\/\/modef.com.tr\/blog\/kucuk-evler-icin-hayat-kurtaran-cok-fonksiyonlu-mobilya-fikirleri\/"},"author":{"name":"Modef Blog","@id":"https:\/\/modef.com.tr\/blog\/#\/schema\/person\/7e314966d0a42821c423252bfb9ba693"},"headline":"K\u00fc\u00e7\u00fck Evler \u0130\u00e7in Hayat Kurtaran \u00c7ok Fonksiyonlu Mobilya Fikirleri","datePublished":"2026-08-21T13:16:41+00:00","dateModified":"2026-08-27T13:32:06+00:00","mainEntityOfPage":{"@id":"https:\/\/modef.com.tr\/blog\/kucuk-evler-icin-hayat-kurtaran-cok-fonksiyonlu-mobilya-fikirleri\/"},"wordCount":645,"commentCount":0,"image":{"@id":"https:\/\/modef.com.tr\/blog\/kucuk-evler-icin-hayat-kurtaran-cok-fonksiyonlu-mobilya-fikirleri\/#primaryimage"},"thumbnailUrl":"https:\/\/modef.com.tr\/blog\/wp-content\/uploads\/2026\/08\/Gemini_Generated_Image_5kltz75kltz75klt-scaled.jpg","keywords":["ak\u0131ll\u0131 mobilya","ak\u0131ll\u0131 mobilya fikirleri","ak\u0131ll\u0131 sehpa","\u00e7ok fonksiyonlu mobilyalar","dar alan dekorasyonu","dar alanlar i\u00e7in mobilya","ev dekorasyonu","\u0130neg\u00f6l mobilya","katlan\u0131r masa","k\u00fc\u00e7\u00fck ev dekorasyonu","minimalist dekorasyon","MODEF","Modef fuar\u0131","mod\u00fcler duvar \u00fcnitesi","st\u00fcdyo daire dekorasyonu","yatakl\u0131 kanepe","yer kazand\u0131ran mobilyalar"],"articleSection":["55. Modef Fuar\u0131","Ak\u0131ll\u0131 ev teknolojileri","Alan Tasarrufu","Ana Sayfa","\u00c7ok Fonksiyonlu Mobilyalar","Dekorasyon","Dekorasyon Fikirleri","Dekorasyon Trendleri","Ev Ya\u015fam\u0131","Fuar","K\u00fc\u00e7\u00fck Ev Dekorasyonu","Minimalizm","Mobilya Rehberi","Mobilya Sekt\u00f6r\u00fc","Mobilya Tasar\u0131m\u0131","Mobilya trendleri","Mobilya ve Dekorasyon","MODEF 2026 FUAR","St\u00fcdyo Daire Dekorasyonu"],"inLanguage":"tr","potentialAction":[{"@type":"CommentAction","name":"Comment","target":["https:\/\/modef.com.tr\/blog\/kucuk-evler-icin-hayat-kurtaran-cok-fonksiyonlu-mobilya-fikirleri\/#respond"]}]},{"@type":"WebPage","@id":"https:\/\/modef.com.tr\/blog\/kucuk-evler-icin-hayat-kurtaran-cok-fonksiyonlu-mobilya-fikirleri\/","url":"https:\/\/modef.com.tr\/blog\/kucuk-evler-icin-hayat-kurtaran-cok-fonksiyonlu-mobilya-fikirleri\/","name":"K\u00fc\u00e7\u00fck Evler \u0130\u00e7in Hayat Kurtaran \u00c7ok Fonksiyonlu Mobilya Fikirleri - Modef Blog","isPartOf":{"@id":"https:\/\/modef.com.tr\/blog\/#website"},"primaryImageOfPage":{"@id":"https:\/\/modef.com.tr\/blog\/kucuk-evler-icin-hayat-kurtaran-cok-fonksiyonlu-mobilya-fikirleri\/#primaryimage"},"image":{"@id":"https:\/\/modef.com.tr\/blog\/kucuk-evler-icin-hayat-kurtaran-cok-fonksiyonlu-mobilya-fikirleri\/#primaryimage"},"thumbnailUrl":"https:\/\/modef.com.tr\/blog\/wp-content\/uploads\/2026\/08\/Gemini_Generated_Image_5kltz75kltz75klt-scaled.jpg","datePublished":"2026-08-21T13:16:41+00:00","dateModified":"2026-08-27T13:32:06+00:00","author":{"@id":"https:\/\/modef.com.tr\/blog\/#\/schema\/person\/7e314966d0a42821c423252bfb9ba693"},"description":"Dar alanlar\u0131 geni\u015fleten, hayat kurtaran \u00e7ok fonksiyonlu ve ak\u0131ll\u0131 mobilya fikirleri ile tan\u0131\u015f\u0131n. K\u00fc\u00e7\u00fck ev dekorasyonu i\u00e7in en yenilik\u00e7i \u00e7\u00f6z\u00fcmler MODEF'te!","breadcrumb":{"@id":"https:\/\/modef.com.tr\/blog\/kucuk-evler-icin-hayat-kurtaran-cok-fonksiyonlu-mobilya-fikirleri\/#breadcrumb"},"inLanguage":"tr","potentialAction":[{"@type":"ReadAction","target":["https:\/\/modef.com.tr\/blog\/kucuk-evler-icin-hayat-kurtaran-cok-fonksiyonlu-mobilya-fikirleri\/"]}]},{"@type":"ImageObject","inLanguage":"tr","@id":"https:\/\/modef.com.tr\/blog\/kucuk-evler-icin-hayat-kurtaran-cok-fonksiyonlu-mobilya-fikirleri\/#primaryimage","url":"https:\/\/modef.com.tr\/blog\/wp-content\/uploads\/2026\/08\/Gemini_Generated_Image_5kltz75kltz75klt-scaled.jpg","contentUrl":"https:\/\/modef.com.tr\/blog\/wp-content\/uploads\/2026\/08\/Gemini_Generated_Image_5kltz75kltz75klt-scaled.jpg","width":2560,"height":1396},{"@type":"BreadcrumbList","@id":"https:\/\/modef.com.tr\/blog\/kucuk-evler-icin-hayat-kurtaran-cok-fonksiyonlu-mobilya-fikirleri\/#breadcrumb","itemListElement":[{"@type":"ListItem","position":1,"name":"Anasayfa","item":"https:\/\/modef.com.tr\/blog\/"},{"@type":"ListItem","position":2,"name":"K\u00fc\u00e7\u00fck Evler \u0130\u00e7in Hayat Kurtaran \u00c7ok Fonksiyonlu Mobilya Fikirleri"}]},{"@type":"WebSite","@id":"https:\/\/modef.com.tr\/blog\/#website","url":"https:\/\/modef.com.tr\/blog\/","name":"Modef Blog","description":"\u0130neg\u00f6l Mobilya Fuar\u0131 ","potentialAction":[{"@type":"SearchAction","target":{"@type":"EntryPoint","urlTemplate":"https:\/\/modef.com.tr\/blog\/?s={search_term_string}"},"query-input":{"@type":"PropertyValueSpecification","valueRequired":true,"valueName":"search_term_string"}}],"inLanguage":"tr"},{"@type":"Person","@id":"https:\/\/modef.com.tr\/blog\/#\/schema\/person\/7e314966d0a42821c423252bfb9ba693","name":"Modef Blog","image":{"@type":"ImageObject","inLanguage":"tr","@id":"https:\/\/modef.com.tr\/blog\/#\/schema\/person\/image\/","url":"https:\/\/secure.gravatar.com\/avatar\/c95b3f7dbc491bcc3d5e547b5886751e4ee0d2d9f5049cbfc2baafad5e49a7ec?s=96&d=mm&r=g","contentUrl":"https:\/\/secure.gravatar.com\/avatar\/c95b3f7dbc491bcc3d5e547b5886751e4ee0d2d9f5049cbfc2baafad5e49a7ec?s=96&d=mm&r=g","caption":"Modef Blog"},"sameAs":["https:\/\/modef.com.tr\/blog"],"url":"https:\/\/modef.com.tr\/blog\/author\/a4nas5iteingeol\/"}]}},"_links":{"self":[{"href":"https:\/\/modef.com.tr\/blog\/wp-json\/wp\/v2\/posts\/3021","targetHints":{"allow":["GET"]}}],"collection":[{"href":"https:\/\/modef.com.tr\/blog\/wp-json\/wp\/v2\/posts"}],"about":[{"href":"https:\/\/modef.com.tr\/blog\/wp-json\/wp\/v2\/types\/post"}],"author":[{"embeddable":true,"href":"https:\/\/modef.com.tr\/blog\/wp-json\/wp\/v2\/users\/1"}],"replies":[{"embeddable":true,"href":"https:\/\/modef.com.tr\/blog\/wp-json\/wp\/v2\/comments?post=3021"}],"version-history":[{"count":1,"href":"https:\/\/modef.com.tr\/blog\/wp-json\/wp\/v2\/posts\/3021\/revisions"}],"predecessor-version":[{"id":3024,"href":"https:\/\/modef.com.tr\/blog\/wp-json\/wp\/v2\/posts\/3021\/revisions\/3024"}],"wp:featuredmedia":[{"embeddable":true,"href":"https:\/\/modef.com.tr\/blog\/wp-json\/wp\/v2\/media\/3023"}],"wp:attachment":[{"href":"https:\/\/modef.com.tr\/blog\/wp-json\/wp\/v2\/media?parent=3021"}],"wp:term":[{"taxonomy":"category","embeddable":true,"href":"https:\/\/modef.com.tr\/blog\/wp-json\/wp\/v2\/categories?post=3021"},{"taxonomy":"post_tag","embeddable":true,"href":"https:\/\/modef.com.tr\/blog\/wp-json\/wp\/v2\/tags?post=3021"}],"curies":[{"name":"wp","href":"https:\/\/api.w.org\/{rel}","templated":true}]}}