{"id":3012,"date":"2026-08-20T17:37:52","date_gmt":"2026-08-20T14:37:52","guid":{"rendered":"https:\/\/modef.com.tr\/blog\/?p=3012"},"modified":"2026-08-21T09:53:54","modified_gmt":"2026-08-21T06:53:54","slug":"55-uluslararasi-modef-fuari-sektorun-yenilikci-vizyonu-inegolde-bulusuyor","status":"publish","type":"post","link":"https:\/\/modef.com.tr\/blog\/55-uluslararasi-modef-fuari-sektorun-yenilikci-vizyonu-inegolde-bulusuyor\/","title":{"rendered":"55. Uluslararas\u0131 Modef Fuar\u0131: Sekt\u00f6r\u00fcn Yenilik\u00e7i Vizyonu \u0130neg\u00f6l&#8217;de Bulu\u015fuyor"},"content":{"rendered":"<p data-path-to-node=\"4\"><a href=\"https:\/\/modef.com.tr\/blog\/\" target=\"_blank\" rel=\"noopener\">Modef Fuar\u0131<\/a>, mobilya d\u00fcnyas\u0131n\u0131n estetik tasar\u0131mlar\u0131n\u0131 bir araya getiriyor. Bu y\u0131l 55. kez kap\u0131lar\u0131n\u0131 a\u00e7\u0131yor. Ziyaret\u00e7ilerine ilham olmaya h\u0131z kesmeden devam ediyor. En g\u00fcncel trendler sekt\u00f6r profesyonelleriyle bulu\u015fuyor. \u00d6zg\u00fcn konseptleri ve modern \u00fcretim anlay\u0131\u015f\u0131n\u0131 yak\u0131ndan ke\u015ffedin. Kalite, fonksiyonellik ve tasar\u0131m g\u00fcc\u00fc tek \u00e7at\u0131 alt\u0131nda. Bu dev organizasyon, sekt\u00f6r\u00fcn vizyonunu g\u00f6zler \u00f6n\u00fcne seriyor. Ayn\u0131 zamanda yenilik\u00e7i yakla\u015f\u0131mlar\u0131 uluslararas\u0131 arenaya ta\u015f\u0131yor.<\/p>\n<p data-path-to-node=\"7\"><b data-path-to-node=\"7\" data-index-in-node=\"0\">Fuara Kat\u0131l\u0131m Bilgileri<\/b><\/p>\n<p data-path-to-node=\"8\">\u0130neg\u00f6l, d\u00fcnya standartlar\u0131nda mobilya \u00fcretiminin \u00f6nc\u00fc merkezidir. Sekt\u00f6re y\u00f6n veren markalar fuarda bulu\u015fuyor. En yeni koleksiyonlar burada \u00f6zenle sergileniyor. Fuar, yerli ve yabanc\u0131 sekt\u00f6r temsilcilerini a\u011f\u0131rl\u0131yor. Yeni i\u015f birliklerine ve ticari ba\u011flant\u0131lara zemin haz\u0131rl\u0131yor. Bu b\u00fcy\u00fck bulu\u015fma i\u00e7in takvimlerinizi \u015fimdiden i\u015faretlemeyi unutmay\u0131n. \u0130neg\u00f6l Mobilyas\u0131 k\u00fcresel \u00e7apta g\u00fcc\u00fcn\u00fc bir kez daha kan\u0131tl\u0131yor. 55. Modef EXPO&#8217;da bulu\u015fmak \u00fczere!<\/p>\n<p data-path-to-node=\"11\"><b data-path-to-node=\"11\" data-index-in-node=\"0\">Tarih:<\/b> 13 \u2013 17 Ekim 2026<br \/>\n<b data-path-to-node=\"11\" data-index-in-node=\"25\">Yer:<\/b> \u0130neg\u00f6l \/ Bursa<\/p>\n<p data-path-to-node=\"12\"><a href=\"https:\/\/www.modef.com.tr\/iletisim\" target=\"_blank\" rel=\"noopener\"><b data-path-to-node=\"12\" data-index-in-node=\"0\">Fuar \u0130leti\u015fim Detaylar\u0131<\/b><\/a><\/p>\n<ul data-path-to-node=\"13\">\n<li>\n<p data-path-to-node=\"13,0,0\"><b data-path-to-node=\"13,0,0\" data-index-in-node=\"0\">Web:<\/b> modef.com.tr<\/p>\n<\/li>\n<li>\n<p data-path-to-node=\"13,1,0\"><b data-path-to-node=\"13,1,0\" data-index-in-node=\"0\">E-posta:<\/b> modef@modef.com.tr<\/p>\n<\/li>\n<li>\n<p data-path-to-node=\"13,2,0\"><b data-path-to-node=\"13,2,0\" data-index-in-node=\"0\">Telefon:<\/b> +90 224 713 16 26<\/p>\n<\/li>\n<li>\n<p data-path-to-node=\"13,3,0\"><b data-path-to-node=\"13,3,0\" data-index-in-node=\"0\">Adres:<\/b> Kemalpa\u015fa Mah. Hikmet\u015fahin K\u00fclt\u00fcrpark \u0130\u00e7i, \u0130neg\u00f6l \/ Bursa \/ T\u00fcrkiye<\/p>\n<\/li>\n<\/ul>\n","protected":false},"excerpt":{"rendered":"<p>Modef Fuar\u0131, mobilya d\u00fcnyas\u0131n\u0131n estetik tasar\u0131mlar\u0131n\u0131 bir araya getiriyor. Bu y\u0131l 55. kez kap\u0131lar\u0131n\u0131 a\u00e7\u0131yor. Ziyaret\u00e7ilerine ilham olmaya h\u0131z kesmeden devam ediyor. En g\u00fcncel trendler sekt\u00f6r profesyonelleriyle bulu\u015fuyor. \u00d6zg\u00fcn konseptleri ve modern \u00fcretim anlay\u0131\u015f\u0131n\u0131 yak\u0131ndan ke\u015ffedin. Kalite, fonksiyonellik ve tasar\u0131m g\u00fcc\u00fc tek \u00e7at\u0131 alt\u0131nda. Bu dev organizasyon, sekt\u00f6r\u00fcn vizyonunu g\u00f6zler \u00f6n\u00fcne seriyor. Ayn\u0131 zamanda yenilik\u00e7i [&hellip;]<\/p>\n","protected":false},"author":1,"featured_media":3017,"comment_status":"open","ping_status":"open","sticky":false,"template":"","format":"standard","meta":{"jnews-multi-image_gallery":[],"jnews_single_post":{"subtitle":"","format":"standard","override":[{"template":"1","parallax":"1","fullscreen":"1","layout":"right-sidebar","sidebar":"default-sidebar","second_sidebar":"default-sidebar","sticky_sidebar":"1","share_position":"top","share_float_style":"share-monocrhome","show_share_counter":"1","show_view_counter":"1","show_featured":"1","show_post_meta":"1","show_post_author":"1","show_post_author_image":"1","show_post_date":"1","post_date_format":"default","post_date_format_custom":"Y\/m\/d","show_post_category":"1","show_post_reading_time":"0","post_reading_time_wpm":"300","post_calculate_word_method":"str_word_count","show_zoom_button":"0","zoom_button_out_step":"2","zoom_button_in_step":"3","show_post_tag":"1","show_prev_next_post":"1","show_popup_post":"1","number_popup_post":"1","show_author_box":"1","show_post_related":"1"}],"image_override":[{"single_post_thumbnail_size":"crop-500","single_post_gallery_size":"crop-500"}],"trending_post_position":"meta","trending_post_label":"Trending","sponsored_post_label":"Sponsored by","disable_ad":"0"},"jnews_primary_category":[],"jnews_social_meta":[],"jnews_paywall_metabox":{"paragraph_limit":"2","enable_premium_post":"0","enable_free_post":"0","override_paragraph_limit":"0","enable_preview_post":"0","enable_preview_video":"0"},"jnews_override_counter":{"view_counter_number":"0","share_counter_number":"0","like_counter_number":"0","dislike_counter_number":"0"},"jnews_post_split":{"post_split":[{"template":"1","tag":"h2","numbering":"asc","mode":"normal","first":"0","enable_toc":"0","toc_type":"normal"}]},"footnotes":""},"categories":[528,376,377,494,522,467,319,520,390,480,213,495,501],"tags":[529,531,445,170,177,524,530,532,533],"class_list":["post-3012","post","type-post","status-publish","format-standard","has-post-thumbnail","hentry","category-55-modef-fuari","category-fuar","category-fuar-haberleri","category-fuar-ve-etkinlikler","category-fuarlar-ve-etkinlikler","category-mobilya-haberleri","category-mobilya-rehberi","category-mobilya-sektoru","category-mobilya-trendleri","category-mobilya-ve-dekorasyon","category-modef-2026-fuar","category-sektorel-haberler","category-sektorel-trendler","tag-55-modef-fuari","tag-bursa-fuar","tag-inegol-mobilya","tag-inegol-mobilya-fuari","tag-mobilya-fuari","tag-mobilya-trendleri","tag-modef-expo-2026","tag-sektor-profesyonelleri","tag-yenilikci-tasarim"],"yoast_head":"<!-- This site is optimized with the Yoast SEO plugin v26.9 - https:\/\/yoast.com\/product\/yoast-seo-wordpress\/ -->\n<title>55. Uluslararas\u0131 Modef Fuar\u0131: Sekt\u00f6r\u00fcn Yenilik\u00e7i Vizyonu \u0130neg\u00f6l&#039;de Bulu\u015fuyor - Modef Blog<\/title>\n<meta name=\"description\" content=\"55. Modef Fuar\u0131, 13-17 Ekim 2026 tarihlerinde \u0130neg\u00f6l&#039;de kap\u0131lar\u0131n\u0131 a\u00e7\u0131yor. Mobilya sekt\u00f6r\u00fcn\u00fcn en yeni trendlerini ve yenilik\u00e7i tasar\u0131mlar\u0131n\u0131 hemen ke\u015ffedin.\" \/>\n<meta name=\"robots\" content=\"index, follow, max-snippet:-1, max-image-preview:large, max-video-preview:-1\" \/>\n<link rel=\"canonical\" href=\"https:\/\/modef.com.tr\/blog\/55-uluslararasi-modef-fuari-sektorun-yenilikci-vizyonu-inegolde-bulusuyor\/\" \/>\n<meta property=\"og:locale\" content=\"tr_TR\" \/>\n<meta property=\"og:type\" content=\"article\" \/>\n<meta property=\"og:title\" content=\"55. Uluslararas\u0131 Modef Fuar\u0131: Sekt\u00f6r\u00fcn Yenilik\u00e7i Vizyonu \u0130neg\u00f6l&#039;de Bulu\u015fuyor - Modef Blog\" \/>\n<meta property=\"og:description\" content=\"55. Modef Fuar\u0131, 13-17 Ekim 2026 tarihlerinde \u0130neg\u00f6l&#039;de kap\u0131lar\u0131n\u0131 a\u00e7\u0131yor. Mobilya sekt\u00f6r\u00fcn\u00fcn en yeni trendlerini ve yenilik\u00e7i tasar\u0131mlar\u0131n\u0131 hemen ke\u015ffedin.\" \/>\n<meta property=\"og:url\" content=\"https:\/\/modef.com.tr\/blog\/55-uluslararasi-modef-fuari-sektorun-yenilikci-vizyonu-inegolde-bulusuyor\/\" \/>\n<meta property=\"og:site_name\" content=\"Modef Blog\" \/>\n<meta property=\"article:published_time\" content=\"2026-08-20T14:37:52+00:00\" \/>\n<meta property=\"article:modified_time\" content=\"2026-08-21T06:53:54+00:00\" \/>\n<meta property=\"og:image\" content=\"https:\/\/modef.com.tr\/blog\/wp-content\/uploads\/2026\/08\/WhatsApp-Image-2026-08-20-at-17.35.58.jpeg\" \/>\n\t<meta property=\"og:image:width\" content=\"1600\" \/>\n\t<meta property=\"og:image:height\" content=\"872\" \/>\n\t<meta property=\"og:image:type\" content=\"image\/jpeg\" \/>\n<meta name=\"author\" content=\"Modef Blog\" \/>\n<meta name=\"twitter:card\" content=\"summary_large_image\" \/>\n<meta name=\"twitter:label1\" content=\"Yazan:\" \/>\n\t<meta name=\"twitter:data1\" content=\"Modef Blog\" \/>\n\t<meta name=\"twitter:label2\" content=\"Tahmini okuma s\u00fcresi\" \/>\n\t<meta name=\"twitter:data2\" content=\"2 dakika\" \/>\n<script type=\"application\/ld+json\" class=\"yoast-schema-graph\">{\"@context\":\"https:\/\/schema.org\",\"@graph\":[{\"@type\":\"Article\",\"@id\":\"https:\/\/modef.com.tr\/blog\/55-uluslararasi-modef-fuari-sektorun-yenilikci-vizyonu-inegolde-bulusuyor\/#article\",\"isPartOf\":{\"@id\":\"https:\/\/modef.com.tr\/blog\/55-uluslararasi-modef-fuari-sektorun-yenilikci-vizyonu-inegolde-bulusuyor\/\"},\"author\":{\"name\":\"Modef Blog\",\"@id\":\"https:\/\/modef.com.tr\/blog\/#\/schema\/person\/7e314966d0a42821c423252bfb9ba693\"},\"headline\":\"55. Uluslararas\u0131 Modef Fuar\u0131: Sekt\u00f6r\u00fcn Yenilik\u00e7i Vizyonu \u0130neg\u00f6l&#8217;de Bulu\u015fuyor\",\"datePublished\":\"2026-08-20T14:37:52+00:00\",\"dateModified\":\"2026-08-21T06:53:54+00:00\",\"mainEntityOfPage\":{\"@id\":\"https:\/\/modef.com.tr\/blog\/55-uluslararasi-modef-fuari-sektorun-yenilikci-vizyonu-inegolde-bulusuyor\/\"},\"wordCount\":220,\"commentCount\":0,\"image\":{\"@id\":\"https:\/\/modef.com.tr\/blog\/55-uluslararasi-modef-fuari-sektorun-yenilikci-vizyonu-inegolde-bulusuyor\/#primaryimage\"},\"thumbnailUrl\":\"https:\/\/modef.com.tr\/blog\/wp-content\/uploads\/2026\/08\/WhatsApp-Image-2026-08-20-at-17.35.58.jpeg\",\"keywords\":[\"55. modef fuar\u0131\",\"bursa fuar\",\"\u0130neg\u00f6l mobilya\",\"ineg\u00f6l mobilya fuar\u0131\",\"mobilya fuar\u0131\",\"mobilya trendleri\",\"modef expo 2026\",\"sekt\u00f6r profesyonelleri\",\"yenilik\u00e7i tasar\u0131m\"],\"articleSection\":[\"55. Modef Fuar\u0131\",\"Fuar\",\"Fuar Haberleri\",\"Fuar ve Etkinlikler\",\"Fuarlar ve Etkinlikler\",\"Mobilya Haberleri\",\"Mobilya Rehberi\",\"Mobilya Sekt\u00f6r\u00fc\",\"Mobilya trendleri\",\"Mobilya ve Dekorasyon\",\"MODEF 2026 FUAR\",\"Sekt\u00f6rel Haberler\",\"Sekt\u00f6rel Trendler\"],\"inLanguage\":\"tr\",\"potentialAction\":[{\"@type\":\"CommentAction\",\"name\":\"Comment\",\"target\":[\"https:\/\/modef.com.tr\/blog\/55-uluslararasi-modef-fuari-sektorun-yenilikci-vizyonu-inegolde-bulusuyor\/#respond\"]}]},{\"@type\":\"WebPage\",\"@id\":\"https:\/\/modef.com.tr\/blog\/55-uluslararasi-modef-fuari-sektorun-yenilikci-vizyonu-inegolde-bulusuyor\/\",\"url\":\"https:\/\/modef.com.tr\/blog\/55-uluslararasi-modef-fuari-sektorun-yenilikci-vizyonu-inegolde-bulusuyor\/\",\"name\":\"55. Uluslararas\u0131 Modef Fuar\u0131: Sekt\u00f6r\u00fcn Yenilik\u00e7i Vizyonu \u0130neg\u00f6l'de Bulu\u015fuyor - Modef Blog\",\"isPartOf\":{\"@id\":\"https:\/\/modef.com.tr\/blog\/#website\"},\"primaryImageOfPage\":{\"@id\":\"https:\/\/modef.com.tr\/blog\/55-uluslararasi-modef-fuari-sektorun-yenilikci-vizyonu-inegolde-bulusuyor\/#primaryimage\"},\"image\":{\"@id\":\"https:\/\/modef.com.tr\/blog\/55-uluslararasi-modef-fuari-sektorun-yenilikci-vizyonu-inegolde-bulusuyor\/#primaryimage\"},\"thumbnailUrl\":\"https:\/\/modef.com.tr\/blog\/wp-content\/uploads\/2026\/08\/WhatsApp-Image-2026-08-20-at-17.35.58.jpeg\",\"datePublished\":\"2026-08-20T14:37:52+00:00\",\"dateModified\":\"2026-08-21T06:53:54+00:00\",\"author\":{\"@id\":\"https:\/\/modef.com.tr\/blog\/#\/schema\/person\/7e314966d0a42821c423252bfb9ba693\"},\"description\":\"55. Modef Fuar\u0131, 13-17 Ekim 2026 tarihlerinde \u0130neg\u00f6l'de kap\u0131lar\u0131n\u0131 a\u00e7\u0131yor. Mobilya sekt\u00f6r\u00fcn\u00fcn en yeni trendlerini ve yenilik\u00e7i tasar\u0131mlar\u0131n\u0131 hemen ke\u015ffedin.\",\"breadcrumb\":{\"@id\":\"https:\/\/modef.com.tr\/blog\/55-uluslararasi-modef-fuari-sektorun-yenilikci-vizyonu-inegolde-bulusuyor\/#breadcrumb\"},\"inLanguage\":\"tr\",\"potentialAction\":[{\"@type\":\"ReadAction\",\"target\":[\"https:\/\/modef.com.tr\/blog\/55-uluslararasi-modef-fuari-sektorun-yenilikci-vizyonu-inegolde-bulusuyor\/\"]}]},{\"@type\":\"ImageObject\",\"inLanguage\":\"tr\",\"@id\":\"https:\/\/modef.com.tr\/blog\/55-uluslararasi-modef-fuari-sektorun-yenilikci-vizyonu-inegolde-bulusuyor\/#primaryimage\",\"url\":\"https:\/\/modef.com.tr\/blog\/wp-content\/uploads\/2026\/08\/WhatsApp-Image-2026-08-20-at-17.35.58.jpeg\",\"contentUrl\":\"https:\/\/modef.com.tr\/blog\/wp-content\/uploads\/2026\/08\/WhatsApp-Image-2026-08-20-at-17.35.58.jpeg\",\"width\":1600,\"height\":872},{\"@type\":\"BreadcrumbList\",\"@id\":\"https:\/\/modef.com.tr\/blog\/55-uluslararasi-modef-fuari-sektorun-yenilikci-vizyonu-inegolde-bulusuyor\/#breadcrumb\",\"itemListElement\":[{\"@type\":\"ListItem\",\"position\":1,\"name\":\"Anasayfa\",\"item\":\"https:\/\/modef.com.tr\/blog\/\"},{\"@type\":\"ListItem\",\"position\":2,\"name\":\"55. Uluslararas\u0131 Modef Fuar\u0131: Sekt\u00f6r\u00fcn Yenilik\u00e7i Vizyonu \u0130neg\u00f6l&#8217;de Bulu\u015fuyor\"}]},{\"@type\":\"WebSite\",\"@id\":\"https:\/\/modef.com.tr\/blog\/#website\",\"url\":\"https:\/\/modef.com.tr\/blog\/\",\"name\":\"Modef Blog\",\"description\":\"\u0130neg\u00f6l Mobilya Fuar\u0131 \",\"potentialAction\":[{\"@type\":\"SearchAction\",\"target\":{\"@type\":\"EntryPoint\",\"urlTemplate\":\"https:\/\/modef.com.tr\/blog\/?s={search_term_string}\"},\"query-input\":{\"@type\":\"PropertyValueSpecification\",\"valueRequired\":true,\"valueName\":\"search_term_string\"}}],\"inLanguage\":\"tr\"},{\"@type\":\"Person\",\"@id\":\"https:\/\/modef.com.tr\/blog\/#\/schema\/person\/7e314966d0a42821c423252bfb9ba693\",\"name\":\"Modef Blog\",\"image\":{\"@type\":\"ImageObject\",\"inLanguage\":\"tr\",\"@id\":\"https:\/\/modef.com.tr\/blog\/#\/schema\/person\/image\/\",\"url\":\"https:\/\/secure.gravatar.com\/avatar\/c95b3f7dbc491bcc3d5e547b5886751e4ee0d2d9f5049cbfc2baafad5e49a7ec?s=96&d=mm&r=g\",\"contentUrl\":\"https:\/\/secure.gravatar.com\/avatar\/c95b3f7dbc491bcc3d5e547b5886751e4ee0d2d9f5049cbfc2baafad5e49a7ec?s=96&d=mm&r=g\",\"caption\":\"Modef Blog\"},\"sameAs\":[\"https:\/\/modef.com.tr\/blog\"],\"url\":\"https:\/\/modef.com.tr\/blog\/author\/a4nas5iteingeol\/\"}]}<\/script>\n<!-- \/ Yoast SEO plugin. -->","yoast_head_json":{"title":"55. Uluslararas\u0131 Modef Fuar\u0131: Sekt\u00f6r\u00fcn Yenilik\u00e7i Vizyonu \u0130neg\u00f6l'de Bulu\u015fuyor - Modef Blog","description":"55. Modef Fuar\u0131, 13-17 Ekim 2026 tarihlerinde \u0130neg\u00f6l'de kap\u0131lar\u0131n\u0131 a\u00e7\u0131yor. Mobilya sekt\u00f6r\u00fcn\u00fcn en yeni trendlerini ve yenilik\u00e7i tasar\u0131mlar\u0131n\u0131 hemen ke\u015ffedin.","robots":{"index":"index","follow":"follow","max-snippet":"max-snippet:-1","max-image-preview":"max-image-preview:large","max-video-preview":"max-video-preview:-1"},"canonical":"https:\/\/modef.com.tr\/blog\/55-uluslararasi-modef-fuari-sektorun-yenilikci-vizyonu-inegolde-bulusuyor\/","og_locale":"tr_TR","og_type":"article","og_title":"55. Uluslararas\u0131 Modef Fuar\u0131: Sekt\u00f6r\u00fcn Yenilik\u00e7i Vizyonu \u0130neg\u00f6l'de Bulu\u015fuyor - Modef Blog","og_description":"55. Modef Fuar\u0131, 13-17 Ekim 2026 tarihlerinde \u0130neg\u00f6l'de kap\u0131lar\u0131n\u0131 a\u00e7\u0131yor. Mobilya sekt\u00f6r\u00fcn\u00fcn en yeni trendlerini ve yenilik\u00e7i tasar\u0131mlar\u0131n\u0131 hemen ke\u015ffedin.","og_url":"https:\/\/modef.com.tr\/blog\/55-uluslararasi-modef-fuari-sektorun-yenilikci-vizyonu-inegolde-bulusuyor\/","og_site_name":"Modef Blog","article_published_time":"2026-08-20T14:37:52+00:00","article_modified_time":"2026-08-21T06:53:54+00:00","og_image":[{"width":1600,"height":872,"url":"https:\/\/modef.com.tr\/blog\/wp-content\/uploads\/2026\/08\/WhatsApp-Image-2026-08-20-at-17.35.58.jpeg","type":"image\/jpeg"}],"author":"Modef Blog","twitter_card":"summary_large_image","twitter_misc":{"Yazan:":"Modef Blog","Tahmini okuma s\u00fcresi":"2 dakika"},"schema":{"@context":"https:\/\/schema.org","@graph":[{"@type":"Article","@id":"https:\/\/modef.com.tr\/blog\/55-uluslararasi-modef-fuari-sektorun-yenilikci-vizyonu-inegolde-bulusuyor\/#article","isPartOf":{"@id":"https:\/\/modef.com.tr\/blog\/55-uluslararasi-modef-fuari-sektorun-yenilikci-vizyonu-inegolde-bulusuyor\/"},"author":{"name":"Modef Blog","@id":"https:\/\/modef.com.tr\/blog\/#\/schema\/person\/7e314966d0a42821c423252bfb9ba693"},"headline":"55. Uluslararas\u0131 Modef Fuar\u0131: Sekt\u00f6r\u00fcn Yenilik\u00e7i Vizyonu \u0130neg\u00f6l&#8217;de Bulu\u015fuyor","datePublished":"2026-08-20T14:37:52+00:00","dateModified":"2026-08-21T06:53:54+00:00","mainEntityOfPage":{"@id":"https:\/\/modef.com.tr\/blog\/55-uluslararasi-modef-fuari-sektorun-yenilikci-vizyonu-inegolde-bulusuyor\/"},"wordCount":220,"commentCount":0,"image":{"@id":"https:\/\/modef.com.tr\/blog\/55-uluslararasi-modef-fuari-sektorun-yenilikci-vizyonu-inegolde-bulusuyor\/#primaryimage"},"thumbnailUrl":"https:\/\/modef.com.tr\/blog\/wp-content\/uploads\/2026\/08\/WhatsApp-Image-2026-08-20-at-17.35.58.jpeg","keywords":["55. modef fuar\u0131","bursa fuar","\u0130neg\u00f6l mobilya","ineg\u00f6l mobilya fuar\u0131","mobilya fuar\u0131","mobilya trendleri","modef expo 2026","sekt\u00f6r profesyonelleri","yenilik\u00e7i tasar\u0131m"],"articleSection":["55. Modef Fuar\u0131","Fuar","Fuar Haberleri","Fuar ve Etkinlikler","Fuarlar ve Etkinlikler","Mobilya Haberleri","Mobilya Rehberi","Mobilya Sekt\u00f6r\u00fc","Mobilya trendleri","Mobilya ve Dekorasyon","MODEF 2026 FUAR","Sekt\u00f6rel Haberler","Sekt\u00f6rel Trendler"],"inLanguage":"tr","potentialAction":[{"@type":"CommentAction","name":"Comment","target":["https:\/\/modef.com.tr\/blog\/55-uluslararasi-modef-fuari-sektorun-yenilikci-vizyonu-inegolde-bulusuyor\/#respond"]}]},{"@type":"WebPage","@id":"https:\/\/modef.com.tr\/blog\/55-uluslararasi-modef-fuari-sektorun-yenilikci-vizyonu-inegolde-bulusuyor\/","url":"https:\/\/modef.com.tr\/blog\/55-uluslararasi-modef-fuari-sektorun-yenilikci-vizyonu-inegolde-bulusuyor\/","name":"55. Uluslararas\u0131 Modef Fuar\u0131: Sekt\u00f6r\u00fcn Yenilik\u00e7i Vizyonu \u0130neg\u00f6l'de Bulu\u015fuyor - Modef Blog","isPartOf":{"@id":"https:\/\/modef.com.tr\/blog\/#website"},"primaryImageOfPage":{"@id":"https:\/\/modef.com.tr\/blog\/55-uluslararasi-modef-fuari-sektorun-yenilikci-vizyonu-inegolde-bulusuyor\/#primaryimage"},"image":{"@id":"https:\/\/modef.com.tr\/blog\/55-uluslararasi-modef-fuari-sektorun-yenilikci-vizyonu-inegolde-bulusuyor\/#primaryimage"},"thumbnailUrl":"https:\/\/modef.com.tr\/blog\/wp-content\/uploads\/2026\/08\/WhatsApp-Image-2026-08-20-at-17.35.58.jpeg","datePublished":"2026-08-20T14:37:52+00:00","dateModified":"2026-08-21T06:53:54+00:00","author":{"@id":"https:\/\/modef.com.tr\/blog\/#\/schema\/person\/7e314966d0a42821c423252bfb9ba693"},"description":"55. Modef Fuar\u0131, 13-17 Ekim 2026 tarihlerinde \u0130neg\u00f6l'de kap\u0131lar\u0131n\u0131 a\u00e7\u0131yor. Mobilya sekt\u00f6r\u00fcn\u00fcn en yeni trendlerini ve yenilik\u00e7i tasar\u0131mlar\u0131n\u0131 hemen ke\u015ffedin.","breadcrumb":{"@id":"https:\/\/modef.com.tr\/blog\/55-uluslararasi-modef-fuari-sektorun-yenilikci-vizyonu-inegolde-bulusuyor\/#breadcrumb"},"inLanguage":"tr","potentialAction":[{"@type":"ReadAction","target":["https:\/\/modef.com.tr\/blog\/55-uluslararasi-modef-fuari-sektorun-yenilikci-vizyonu-inegolde-bulusuyor\/"]}]},{"@type":"ImageObject","inLanguage":"tr","@id":"https:\/\/modef.com.tr\/blog\/55-uluslararasi-modef-fuari-sektorun-yenilikci-vizyonu-inegolde-bulusuyor\/#primaryimage","url":"https:\/\/modef.com.tr\/blog\/wp-content\/uploads\/2026\/08\/WhatsApp-Image-2026-08-20-at-17.35.58.jpeg","contentUrl":"https:\/\/modef.com.tr\/blog\/wp-content\/uploads\/2026\/08\/WhatsApp-Image-2026-08-20-at-17.35.58.jpeg","width":1600,"height":872},{"@type":"BreadcrumbList","@id":"https:\/\/modef.com.tr\/blog\/55-uluslararasi-modef-fuari-sektorun-yenilikci-vizyonu-inegolde-bulusuyor\/#breadcrumb","itemListElement":[{"@type":"ListItem","position":1,"name":"Anasayfa","item":"https:\/\/modef.com.tr\/blog\/"},{"@type":"ListItem","position":2,"name":"55. Uluslararas\u0131 Modef Fuar\u0131: Sekt\u00f6r\u00fcn Yenilik\u00e7i Vizyonu \u0130neg\u00f6l&#8217;de Bulu\u015fuyor"}]},{"@type":"WebSite","@id":"https:\/\/modef.com.tr\/blog\/#website","url":"https:\/\/modef.com.tr\/blog\/","name":"Modef Blog","description":"\u0130neg\u00f6l Mobilya Fuar\u0131 ","potentialAction":[{"@type":"SearchAction","target":{"@type":"EntryPoint","urlTemplate":"https:\/\/modef.com.tr\/blog\/?s={search_term_string}"},"query-input":{"@type":"PropertyValueSpecification","valueRequired":true,"valueName":"search_term_string"}}],"inLanguage":"tr"},{"@type":"Person","@id":"https:\/\/modef.com.tr\/blog\/#\/schema\/person\/7e314966d0a42821c423252bfb9ba693","name":"Modef Blog","image":{"@type":"ImageObject","inLanguage":"tr","@id":"https:\/\/modef.com.tr\/blog\/#\/schema\/person\/image\/","url":"https:\/\/secure.gravatar.com\/avatar\/c95b3f7dbc491bcc3d5e547b5886751e4ee0d2d9f5049cbfc2baafad5e49a7ec?s=96&d=mm&r=g","contentUrl":"https:\/\/secure.gravatar.com\/avatar\/c95b3f7dbc491bcc3d5e547b5886751e4ee0d2d9f5049cbfc2baafad5e49a7ec?s=96&d=mm&r=g","caption":"Modef Blog"},"sameAs":["https:\/\/modef.com.tr\/blog"],"url":"https:\/\/modef.com.tr\/blog\/author\/a4nas5iteingeol\/"}]}},"_links":{"self":[{"href":"https:\/\/modef.com.tr\/blog\/wp-json\/wp\/v2\/posts\/3012","targetHints":{"allow":["GET"]}}],"collection":[{"href":"https:\/\/modef.com.tr\/blog\/wp-json\/wp\/v2\/posts"}],"about":[{"href":"https:\/\/modef.com.tr\/blog\/wp-json\/wp\/v2\/types\/post"}],"author":[{"embeddable":true,"href":"https:\/\/modef.com.tr\/blog\/wp-json\/wp\/v2\/users\/1"}],"replies":[{"embeddable":true,"href":"https:\/\/modef.com.tr\/blog\/wp-json\/wp\/v2\/comments?post=3012"}],"version-history":[{"count":2,"href":"https:\/\/modef.com.tr\/blog\/wp-json\/wp\/v2\/posts\/3012\/revisions"}],"predecessor-version":[{"id":3020,"href":"https:\/\/modef.com.tr\/blog\/wp-json\/wp\/v2\/posts\/3012\/revisions\/3020"}],"wp:featuredmedia":[{"embeddable":true,"href":"https:\/\/modef.com.tr\/blog\/wp-json\/wp\/v2\/media\/3017"}],"wp:attachment":[{"href":"https:\/\/modef.com.tr\/blog\/wp-json\/wp\/v2\/media?parent=3012"}],"wp:term":[{"taxonomy":"category","embeddable":true,"href":"https:\/\/modef.com.tr\/blog\/wp-json\/wp\/v2\/categories?post=3012"},{"taxonomy":"post_tag","embeddable":true,"href":"https:\/\/modef.com.tr\/blog\/wp-json\/wp\/v2\/tags?post=3012"}],"curies":[{"name":"wp","href":"https:\/\/api.w.org\/{rel}","templated":true}]}}