{"id":3006,"date":"2026-08-14T12:14:41","date_gmt":"2026-08-14T09:14:41","guid":{"rendered":"https:\/\/modef.com.tr\/blog\/?p=3006"},"modified":"2026-08-14T12:23:52","modified_gmt":"2026-08-14T09:23:52","slug":"kuresel-pazarda-inegol-mobilyasi-ihracatin-baskentinden-dunya-evlerine","status":"publish","type":"post","link":"https:\/\/modef.com.tr\/blog\/kuresel-pazarda-inegol-mobilyasi-ihracatin-baskentinden-dunya-evlerine\/","title":{"rendered":"K\u00fcresel Pazarda \u0130neg\u00f6l Mobilyas\u0131: \u0130hracat\u0131n Ba\u015fkentinden D\u00fcnya Evlerine"},"content":{"rendered":"<p data-path-to-node=\"5\">\u0130neg\u00f6l, T\u00fcrkiye\u2019nin mobilya \u00fcretimindeki en b\u00fcy\u00fck g\u00fcc\u00fcd\u00fcr. \u00dcstelik sadece yerel pazarda kalm\u0131yor. K\u00fcresel arenada da ad\u0131ndan s\u0131k\u00e7a s\u00f6z ettiriyor. Ayr\u0131ca \u0130neg\u00f6l mobilyas\u0131, tasar\u0131m ve kaliteyi kusursuzca bulu\u015fturuyor. Bu \u00fcr\u00fcnler dayan\u0131kl\u0131l\u0131\u011f\u0131yla da olduk\u00e7a \u00f6ne \u00e7\u0131k\u0131yor. En son 54.s\u00fc d\u00fczenlenen MODEF, bu g\u00fcc\u00fc peki\u015ftiriyor. Fuar sayesinde \u00fcreticiler d\u00fcnya vitrinine g\u00fcvenle \u00e7\u0131k\u0131yor.<\/p>\n<h3 data-path-to-node=\"6\"><strong>\u0130neg\u00f6l: T\u00fcrkiye&#8217;nin Mobilya \u0130hracat \u00dcss\u00fc<\/strong><\/h3>\n<p><img fetchpriority=\"high\" decoding=\"async\" class=\" wp-image-3007 alignright\" src=\"https:\/\/modef.com.tr\/blog\/wp-content\/uploads\/2026\/08\/Gemini_Generated_Image_sccsnesccsnesccs-300x164.jpg\" alt=\"\" width=\"384\" height=\"210\" srcset=\"https:\/\/modef.com.tr\/blog\/wp-content\/uploads\/2026\/08\/Gemini_Generated_Image_sccsnesccsnesccs-300x164.jpg 300w, https:\/\/modef.com.tr\/blog\/wp-content\/uploads\/2026\/08\/Gemini_Generated_Image_sccsnesccsnesccs-1024x559.jpg 1024w, https:\/\/modef.com.tr\/blog\/wp-content\/uploads\/2026\/08\/Gemini_Generated_Image_sccsnesccsnesccs-768x419.jpg 768w, https:\/\/modef.com.tr\/blog\/wp-content\/uploads\/2026\/08\/Gemini_Generated_Image_sccsnesccsnesccs-1536x838.jpg 1536w, https:\/\/modef.com.tr\/blog\/wp-content\/uploads\/2026\/08\/Gemini_Generated_Image_sccsnesccsnesccs-2048x1117.jpg 2048w, https:\/\/modef.com.tr\/blog\/wp-content\/uploads\/2026\/08\/Gemini_Generated_Image_sccsnesccsnesccs-600x327.jpg 600w, https:\/\/modef.com.tr\/blog\/wp-content\/uploads\/2026\/08\/Gemini_Generated_Image_sccsnesccsnesccs-750x409.jpg 750w, https:\/\/modef.com.tr\/blog\/wp-content\/uploads\/2026\/08\/Gemini_Generated_Image_sccsnesccsnesccs-1140x622.jpg 1140w\" sizes=\"(max-width: 384px) 100vw, 384px\" \/>\u00d6ncelikle Bursa&#8217;n\u0131n \u0130neg\u00f6l il\u00e7esi mobilya ihracat\u0131n\u0131 s\u0131rtl\u0131yor. T\u00fcrkiye&#8217;nin toplam ihracat\u0131nda aslan pay\u0131n\u0131 al\u0131yor. B\u00f6lgedeki \u00fcreticiler y\u00fczlerce farkl\u0131 \u00fclkeye \u00fcr\u00fcn g\u00f6nderiyor. B\u00f6ylece buras\u0131 son derece dinamik bir merkez \u00f6zelli\u011fi ta\u015f\u0131yor. \u00c7\u00fcnk\u00fc firmalar ah\u015fap i\u015f\u00e7ili\u011fi gelene\u011fini modern teknolojiyle harmanl\u0131yor. Sonu\u00e7ta k\u00fcresel ve g\u00fc\u00e7l\u00fc bir marka yarat\u0131yorlar.<\/p>\n<ul data-path-to-node=\"8\">\n<li>\n<p data-path-to-node=\"8,0,0\"><b data-path-to-node=\"8,0,0\" data-index-in-node=\"0\">Y\u00fcksek Kalite Standartlar\u0131:<\/b> \u00dcreticiler daima birinci s\u0131n\u0131f malzemeler kullan\u0131yor. Ustalar kusursuz i\u015f\u00e7ili\u011fi nesilden nesile aktar\u0131yor.<\/p>\n<\/li>\n<li>\n<p data-path-to-node=\"8,1,0\"><b data-path-to-node=\"8,1,0\" data-index-in-node=\"0\">Yenilik\u00e7i Tasar\u0131m:<\/b> Tasar\u0131mc\u0131lar\u0131n \u00e7izgileri d\u00fcnya trendlerini do\u011frudan belirliyor. \u00dcstelik bu modeller her zevke ve k\u00fclt\u00fcre hitap ediyor.<\/p>\n<\/li>\n<li>\n<p data-path-to-node=\"8,2,0\"><b data-path-to-node=\"8,2,0\" data-index-in-node=\"0\">Lojistik ve \u00dcretim G\u00fcc\u00fc:<\/b> Firmalar \u00e7ok h\u0131zl\u0131 bir \u00fcretim kapasitesine sahip. Ayr\u0131ca geni\u015f pazar a\u011f\u0131yla d\u00fcnyan\u0131n her yerine ula\u015f\u0131yorlar.<\/p>\n<\/li>\n<\/ul>\n<h3 data-path-to-node=\"9\"><strong>MODEF Fuar\u0131: D\u00fcnyan\u0131n G\u00f6z\u00fc \u0130neg\u00f6l&#8217;de<\/strong><\/h3>\n<p data-path-to-node=\"10\">MODEF, her y\u0131l binlerce profesyoneli ba\u015far\u0131yla a\u011f\u0131rl\u0131yor. D\u00fcnyan\u0131n d\u00f6rt bir yan\u0131ndan sat\u0131n almac\u0131lar buraya ak\u0131n ediyor. \u0130\u00e7 mimarlar da yeni modelleri ke\u015ffetmek i\u00e7in geliyor. Dolay\u0131s\u0131yla fuar, d\u00fcnyaya a\u00e7\u0131lan en b\u00fcy\u00fck kap\u0131 oluyor. Sekt\u00f6r temsilcileri k\u00fcresel al\u0131c\u0131larla y\u00fcz y\u00fcze bulu\u015fuyor. B2B g\u00f6r\u00fc\u015fmeler sayesinde yepyeni ihracat a\u011flar\u0131 kuruyorlar. Ayn\u0131 zamanda sekt\u00f6rdeki son trendleri yak\u0131ndan takip ediyorlar.<\/p>\n<h3 data-path-to-node=\"11\"><strong>Neden MODEF&#8217;i Ziyaret Etmelisiniz?<\/strong><\/h3>\n<p data-path-to-node=\"12\">E\u011fer mobilya sekt\u00f6r\u00fcndeyseniz MODEF harika bir se\u00e7enektir. Projeleriniz i\u00e7in ilham ar\u0131yorsan\u0131z burada benzersiz avantajlar bulacaks\u0131n\u0131z:<\/p>\n<ol start=\"1\" data-path-to-node=\"13\">\n<li>\n<p data-path-to-node=\"13,0,0\"><b data-path-to-node=\"13,0,0\" data-index-in-node=\"0\">Geni\u015f \u00dcr\u00fcn Yelpazesi:<\/b> Firmalar yatak odalar\u0131ndan yemek odalar\u0131na kadar binlerce model sunuyor. Ayr\u0131ca avangart ve minimalist ofis mobilyalar\u0131n\u0131 tek \u00e7at\u0131 alt\u0131nda sergiliyorlar.<\/p>\n<\/li>\n<li>\n<p data-path-to-node=\"13,1,0\"><b data-path-to-node=\"13,1,0\" data-index-in-node=\"0\">Do\u011frudan \u00dcreticiyle Temas:<\/b> S\u00fcrece arac\u0131 kurumlar kesinlikle dahil olmuyor. Do\u011frudan \u00fcretim band\u0131n\u0131n sahipleriyle masaya oturuyorsunuz. B\u00f6ylelikle \u00e7ok daha h\u0131zl\u0131 i\u015f ba\u011flant\u0131lar\u0131 kuruyorsunuz.<\/p>\n<\/li>\n<li>\n<p data-path-to-node=\"13,2,0\"><b data-path-to-node=\"13,2,0\" data-index-in-node=\"0\">Rekabet\u00e7i Fiyatland\u0131rma:<\/b> \u0130neg\u00f6l firmalar\u0131 fuara \u00f6zel olduk\u00e7a avantajl\u0131 fiyatlar sunuyor. K\u0131sacas\u0131 kaliteyi en uygun ko\u015fullarla d\u00fcnya pazar\u0131na \u00e7\u0131kar\u0131yorlar.<\/p>\n<\/li>\n<\/ol>\n<p data-path-to-node=\"14\">Sonu\u00e7 olarak \u0130neg\u00f6l mobilyas\u0131 sadece bir e\u015fya de\u011fildir. O, ya\u015fama de\u011fer katan dev bir d\u00fcnya markas\u0131d\u0131r. Ayn\u0131 zamanda konforu ve esteti\u011fi ba\u015far\u0131yla bir araya getiriyor. Firmalar, ihracat\u0131n ba\u015fkentinden d\u00fcnya evlerine g\u00fcvenle ula\u015f\u0131yor. Bu b\u00fcy\u00fck ba\u015far\u0131 hikayesine mutlaka tan\u0131kl\u0131k etmelisiniz. En yeni trendleri yerinde g\u00f6rmek i\u00e7in fuara kat\u0131l\u0131n. K\u0131sacas\u0131 MODEF, ajandan\u0131zda ilk s\u0131ray\u0131 kesinlikle hak ediyor.<\/p>\n","protected":false},"excerpt":{"rendered":"<p>\u0130neg\u00f6l, T\u00fcrkiye\u2019nin mobilya \u00fcretimindeki en b\u00fcy\u00fck g\u00fcc\u00fcd\u00fcr. \u00dcstelik sadece yerel pazarda kalm\u0131yor. K\u00fcresel arenada da ad\u0131ndan s\u0131k\u00e7a s\u00f6z ettiriyor. Ayr\u0131ca \u0130neg\u00f6l mobilyas\u0131, tasar\u0131m ve kaliteyi kusursuzca bulu\u015fturuyor. Bu \u00fcr\u00fcnler dayan\u0131kl\u0131l\u0131\u011f\u0131yla da olduk\u00e7a \u00f6ne \u00e7\u0131k\u0131yor. En son 54.s\u00fc d\u00fczenlenen MODEF, bu g\u00fcc\u00fc peki\u015ftiriyor. Fuar sayesinde \u00fcreticiler d\u00fcnya vitrinine g\u00fcvenle \u00e7\u0131k\u0131yor. \u0130neg\u00f6l: T\u00fcrkiye&#8217;nin Mobilya \u0130hracat \u00dcss\u00fc \u00d6ncelikle [&hellip;]<\/p>\n","protected":false},"author":1,"featured_media":3008,"comment_status":"open","ping_status":"open","sticky":false,"template":"","format":"standard","meta":{"jnews-multi-image_gallery":[],"jnews_single_post":{"subtitle":"","format":"standard","override":[{"template":"1","parallax":"1","fullscreen":"1","layout":"right-sidebar","sidebar":"default-sidebar","second_sidebar":"default-sidebar","sticky_sidebar":"1","share_position":"top","share_float_style":"share-monocrhome","show_share_counter":"1","show_view_counter":"1","show_featured":"1","show_post_meta":"1","show_post_author":"1","show_post_author_image":"1","show_post_date":"1","post_date_format":"default","post_date_format_custom":"Y\/m\/d","show_post_category":"1","show_post_reading_time":"0","post_reading_time_wpm":"300","post_calculate_word_method":"str_word_count","show_zoom_button":"0","zoom_button_out_step":"2","zoom_button_in_step":"3","show_post_tag":"1","show_prev_next_post":"1","show_popup_post":"1","number_popup_post":"1","show_author_box":"1","show_post_related":"1"}],"image_override":[{"single_post_thumbnail_size":"crop-500","single_post_gallery_size":"crop-500"}],"trending_post_position":"meta","trending_post_label":"Trending","sponsored_post_label":"Sponsored by","disable_ad":"0"},"jnews_primary_category":[],"jnews_social_meta":[],"jnews_paywall_metabox":{"paragraph_limit":"2","enable_premium_post":"0","enable_free_post":"0","override_paragraph_limit":"0","enable_preview_post":"0","enable_preview_video":"0"},"jnews_override_counter":{"view_counter_number":"0","share_counter_number":"0","like_counter_number":"0","dislike_counter_number":"0"},"jnews_post_split":{"post_split":[{"template":"1","tag":"h2","numbering":"asc","mode":"normal","first":"0","enable_toc":"0","toc_type":"normal"}]},"footnotes":""},"categories":[214,522,521,432,211,319,520,511,390,480,213],"tags":[525,526,362,415,524,460,523,527],"class_list":["post-3006","post","type-post","status-publish","format-standard","has-post-thumbnail","hentry","category-54-modef-fuari","category-fuarlar-ve-etkinlikler","category-ihracat","category-ilham-veren-mekanlar","category-inegol-mobilya-fuari","category-mobilya-rehberi","category-mobilya-sektoru","category-mobilya-tasarimi","category-mobilya-trendleri","category-mobilya-ve-dekorasyon","category-modef-2026-fuar","tag-b2b-mobilya","tag-bursa-inegol","tag-inegol-mobilyasi","tag-mobilya-ihracati","tag-mobilya-trendleri","tag-modef-fuari","tag-toptan-mobilya","tag-uluslararasi-mobilya-fuari"],"yoast_head":"<!-- This site is optimized with the Yoast SEO plugin v26.9 - https:\/\/yoast.com\/product\/yoast-seo-wordpress\/ -->\n<title>K\u00fcresel Pazarda \u0130neg\u00f6l Mobilyas\u0131: \u0130hracat\u0131n Ba\u015fkentinden D\u00fcnya Evlerine - Modef Blog<\/title>\n<meta name=\"description\" content=\"T\u00fcrkiye&#039;nin ihracat \u00fcss\u00fc \u0130neg\u00f6l mobilyas\u0131 ve 54.s\u00fc d\u00fczenlenen MODEF fuar\u0131n\u0131n k\u00fcresel pazardaki g\u00fcc\u00fcn\u00fc, yeni trendleri ve B2B avantajlar\u0131n\u0131 ke\u015ffedin.\" \/>\n<meta name=\"robots\" content=\"index, follow, max-snippet:-1, max-image-preview:large, max-video-preview:-1\" \/>\n<link rel=\"canonical\" href=\"https:\/\/modef.com.tr\/blog\/kuresel-pazarda-inegol-mobilyasi-ihracatin-baskentinden-dunya-evlerine\/\" \/>\n<meta property=\"og:locale\" content=\"tr_TR\" \/>\n<meta property=\"og:type\" content=\"article\" \/>\n<meta property=\"og:title\" content=\"K\u00fcresel Pazarda \u0130neg\u00f6l Mobilyas\u0131: \u0130hracat\u0131n Ba\u015fkentinden D\u00fcnya Evlerine - Modef Blog\" \/>\n<meta property=\"og:description\" content=\"T\u00fcrkiye&#039;nin ihracat \u00fcss\u00fc \u0130neg\u00f6l mobilyas\u0131 ve 54.s\u00fc d\u00fczenlenen MODEF fuar\u0131n\u0131n k\u00fcresel pazardaki g\u00fcc\u00fcn\u00fc, yeni trendleri ve B2B avantajlar\u0131n\u0131 ke\u015ffedin.\" \/>\n<meta property=\"og:url\" content=\"https:\/\/modef.com.tr\/blog\/kuresel-pazarda-inegol-mobilyasi-ihracatin-baskentinden-dunya-evlerine\/\" \/>\n<meta property=\"og:site_name\" content=\"Modef Blog\" \/>\n<meta property=\"article:published_time\" content=\"2026-08-14T09:14:41+00:00\" \/>\n<meta property=\"article:modified_time\" content=\"2026-08-14T09:23:52+00:00\" \/>\n<meta property=\"og:image\" content=\"https:\/\/modef.com.tr\/blog\/wp-content\/uploads\/2026\/08\/Gemini_Generated_Image_wu7ceuwu7ceuwu7c-scaled.jpg\" \/>\n\t<meta property=\"og:image:width\" content=\"2560\" \/>\n\t<meta property=\"og:image:height\" content=\"1396\" \/>\n\t<meta property=\"og:image:type\" content=\"image\/jpeg\" \/>\n<meta name=\"author\" content=\"Modef Blog\" \/>\n<meta name=\"twitter:card\" content=\"summary_large_image\" \/>\n<meta name=\"twitter:label1\" content=\"Yazan:\" \/>\n\t<meta name=\"twitter:data1\" content=\"Modef Blog\" \/>\n\t<meta name=\"twitter:label2\" content=\"Tahmini okuma s\u00fcresi\" \/>\n\t<meta name=\"twitter:data2\" content=\"3 dakika\" \/>\n<script type=\"application\/ld+json\" class=\"yoast-schema-graph\">{\"@context\":\"https:\/\/schema.org\",\"@graph\":[{\"@type\":\"Article\",\"@id\":\"https:\/\/modef.com.tr\/blog\/kuresel-pazarda-inegol-mobilyasi-ihracatin-baskentinden-dunya-evlerine\/#article\",\"isPartOf\":{\"@id\":\"https:\/\/modef.com.tr\/blog\/kuresel-pazarda-inegol-mobilyasi-ihracatin-baskentinden-dunya-evlerine\/\"},\"author\":{\"name\":\"Modef Blog\",\"@id\":\"https:\/\/modef.com.tr\/blog\/#\/schema\/person\/7e314966d0a42821c423252bfb9ba693\"},\"headline\":\"K\u00fcresel Pazarda \u0130neg\u00f6l Mobilyas\u0131: \u0130hracat\u0131n Ba\u015fkentinden D\u00fcnya Evlerine\",\"datePublished\":\"2026-08-14T09:14:41+00:00\",\"dateModified\":\"2026-08-14T09:23:52+00:00\",\"mainEntityOfPage\":{\"@id\":\"https:\/\/modef.com.tr\/blog\/kuresel-pazarda-inegol-mobilyasi-ihracatin-baskentinden-dunya-evlerine\/\"},\"wordCount\":535,\"commentCount\":0,\"image\":{\"@id\":\"https:\/\/modef.com.tr\/blog\/kuresel-pazarda-inegol-mobilyasi-ihracatin-baskentinden-dunya-evlerine\/#primaryimage\"},\"thumbnailUrl\":\"https:\/\/modef.com.tr\/blog\/wp-content\/uploads\/2026\/08\/Gemini_Generated_Image_wu7ceuwu7ceuwu7c-scaled.jpg\",\"keywords\":[\"B2B mobilya\",\"Bursa \u0130neg\u00f6l\",\"\u0130neg\u00f6l mobilyas\u0131\",\"mobilya ihracat\u0131\",\"mobilya trendleri\",\"Modef fuar\u0131\",\"toptan mobilya\",\"uluslararas\u0131 mobilya fuar\u0131\"],\"articleSection\":[\"54. Modef Fuar\u0131\",\"Fuarlar ve Etkinlikler\",\"\u0130hracat\",\"\u0130lham Veren Mekanlar\",\"\u0130neg\u00f6l Mobilya Fuar\u0131\",\"Mobilya Rehberi\",\"Mobilya Sekt\u00f6r\u00fc\",\"Mobilya Tasar\u0131m\u0131\",\"Mobilya trendleri\",\"Mobilya ve Dekorasyon\",\"MODEF 2026 FUAR\"],\"inLanguage\":\"tr\",\"potentialAction\":[{\"@type\":\"CommentAction\",\"name\":\"Comment\",\"target\":[\"https:\/\/modef.com.tr\/blog\/kuresel-pazarda-inegol-mobilyasi-ihracatin-baskentinden-dunya-evlerine\/#respond\"]}]},{\"@type\":\"WebPage\",\"@id\":\"https:\/\/modef.com.tr\/blog\/kuresel-pazarda-inegol-mobilyasi-ihracatin-baskentinden-dunya-evlerine\/\",\"url\":\"https:\/\/modef.com.tr\/blog\/kuresel-pazarda-inegol-mobilyasi-ihracatin-baskentinden-dunya-evlerine\/\",\"name\":\"K\u00fcresel Pazarda \u0130neg\u00f6l Mobilyas\u0131: \u0130hracat\u0131n Ba\u015fkentinden D\u00fcnya Evlerine - Modef Blog\",\"isPartOf\":{\"@id\":\"https:\/\/modef.com.tr\/blog\/#website\"},\"primaryImageOfPage\":{\"@id\":\"https:\/\/modef.com.tr\/blog\/kuresel-pazarda-inegol-mobilyasi-ihracatin-baskentinden-dunya-evlerine\/#primaryimage\"},\"image\":{\"@id\":\"https:\/\/modef.com.tr\/blog\/kuresel-pazarda-inegol-mobilyasi-ihracatin-baskentinden-dunya-evlerine\/#primaryimage\"},\"thumbnailUrl\":\"https:\/\/modef.com.tr\/blog\/wp-content\/uploads\/2026\/08\/Gemini_Generated_Image_wu7ceuwu7ceuwu7c-scaled.jpg\",\"datePublished\":\"2026-08-14T09:14:41+00:00\",\"dateModified\":\"2026-08-14T09:23:52+00:00\",\"author\":{\"@id\":\"https:\/\/modef.com.tr\/blog\/#\/schema\/person\/7e314966d0a42821c423252bfb9ba693\"},\"description\":\"T\u00fcrkiye'nin ihracat \u00fcss\u00fc \u0130neg\u00f6l mobilyas\u0131 ve 54.s\u00fc d\u00fczenlenen MODEF fuar\u0131n\u0131n k\u00fcresel pazardaki g\u00fcc\u00fcn\u00fc, yeni trendleri ve B2B avantajlar\u0131n\u0131 ke\u015ffedin.\",\"breadcrumb\":{\"@id\":\"https:\/\/modef.com.tr\/blog\/kuresel-pazarda-inegol-mobilyasi-ihracatin-baskentinden-dunya-evlerine\/#breadcrumb\"},\"inLanguage\":\"tr\",\"potentialAction\":[{\"@type\":\"ReadAction\",\"target\":[\"https:\/\/modef.com.tr\/blog\/kuresel-pazarda-inegol-mobilyasi-ihracatin-baskentinden-dunya-evlerine\/\"]}]},{\"@type\":\"ImageObject\",\"inLanguage\":\"tr\",\"@id\":\"https:\/\/modef.com.tr\/blog\/kuresel-pazarda-inegol-mobilyasi-ihracatin-baskentinden-dunya-evlerine\/#primaryimage\",\"url\":\"https:\/\/modef.com.tr\/blog\/wp-content\/uploads\/2026\/08\/Gemini_Generated_Image_wu7ceuwu7ceuwu7c-scaled.jpg\",\"contentUrl\":\"https:\/\/modef.com.tr\/blog\/wp-content\/uploads\/2026\/08\/Gemini_Generated_Image_wu7ceuwu7ceuwu7c-scaled.jpg\",\"width\":2560,\"height\":1396},{\"@type\":\"BreadcrumbList\",\"@id\":\"https:\/\/modef.com.tr\/blog\/kuresel-pazarda-inegol-mobilyasi-ihracatin-baskentinden-dunya-evlerine\/#breadcrumb\",\"itemListElement\":[{\"@type\":\"ListItem\",\"position\":1,\"name\":\"Anasayfa\",\"item\":\"https:\/\/modef.com.tr\/blog\/\"},{\"@type\":\"ListItem\",\"position\":2,\"name\":\"K\u00fcresel Pazarda \u0130neg\u00f6l Mobilyas\u0131: \u0130hracat\u0131n Ba\u015fkentinden D\u00fcnya Evlerine\"}]},{\"@type\":\"WebSite\",\"@id\":\"https:\/\/modef.com.tr\/blog\/#website\",\"url\":\"https:\/\/modef.com.tr\/blog\/\",\"name\":\"Modef Blog\",\"description\":\"\u0130neg\u00f6l Mobilya Fuar\u0131 \",\"potentialAction\":[{\"@type\":\"SearchAction\",\"target\":{\"@type\":\"EntryPoint\",\"urlTemplate\":\"https:\/\/modef.com.tr\/blog\/?s={search_term_string}\"},\"query-input\":{\"@type\":\"PropertyValueSpecification\",\"valueRequired\":true,\"valueName\":\"search_term_string\"}}],\"inLanguage\":\"tr\"},{\"@type\":\"Person\",\"@id\":\"https:\/\/modef.com.tr\/blog\/#\/schema\/person\/7e314966d0a42821c423252bfb9ba693\",\"name\":\"Modef Blog\",\"image\":{\"@type\":\"ImageObject\",\"inLanguage\":\"tr\",\"@id\":\"https:\/\/modef.com.tr\/blog\/#\/schema\/person\/image\/\",\"url\":\"https:\/\/secure.gravatar.com\/avatar\/c95b3f7dbc491bcc3d5e547b5886751e4ee0d2d9f5049cbfc2baafad5e49a7ec?s=96&d=mm&r=g\",\"contentUrl\":\"https:\/\/secure.gravatar.com\/avatar\/c95b3f7dbc491bcc3d5e547b5886751e4ee0d2d9f5049cbfc2baafad5e49a7ec?s=96&d=mm&r=g\",\"caption\":\"Modef Blog\"},\"sameAs\":[\"https:\/\/modef.com.tr\/blog\"],\"url\":\"https:\/\/modef.com.tr\/blog\/author\/a4nas5iteingeol\/\"}]}<\/script>\n<!-- \/ Yoast SEO plugin. -->","yoast_head_json":{"title":"K\u00fcresel Pazarda \u0130neg\u00f6l Mobilyas\u0131: \u0130hracat\u0131n Ba\u015fkentinden D\u00fcnya Evlerine - Modef Blog","description":"T\u00fcrkiye'nin ihracat \u00fcss\u00fc \u0130neg\u00f6l mobilyas\u0131 ve 54.s\u00fc d\u00fczenlenen MODEF fuar\u0131n\u0131n k\u00fcresel pazardaki g\u00fcc\u00fcn\u00fc, yeni trendleri ve B2B avantajlar\u0131n\u0131 ke\u015ffedin.","robots":{"index":"index","follow":"follow","max-snippet":"max-snippet:-1","max-image-preview":"max-image-preview:large","max-video-preview":"max-video-preview:-1"},"canonical":"https:\/\/modef.com.tr\/blog\/kuresel-pazarda-inegol-mobilyasi-ihracatin-baskentinden-dunya-evlerine\/","og_locale":"tr_TR","og_type":"article","og_title":"K\u00fcresel Pazarda \u0130neg\u00f6l Mobilyas\u0131: \u0130hracat\u0131n Ba\u015fkentinden D\u00fcnya Evlerine - Modef Blog","og_description":"T\u00fcrkiye'nin ihracat \u00fcss\u00fc \u0130neg\u00f6l mobilyas\u0131 ve 54.s\u00fc d\u00fczenlenen MODEF fuar\u0131n\u0131n k\u00fcresel pazardaki g\u00fcc\u00fcn\u00fc, yeni trendleri ve B2B avantajlar\u0131n\u0131 ke\u015ffedin.","og_url":"https:\/\/modef.com.tr\/blog\/kuresel-pazarda-inegol-mobilyasi-ihracatin-baskentinden-dunya-evlerine\/","og_site_name":"Modef Blog","article_published_time":"2026-08-14T09:14:41+00:00","article_modified_time":"2026-08-14T09:23:52+00:00","og_image":[{"width":2560,"height":1396,"url":"https:\/\/modef.com.tr\/blog\/wp-content\/uploads\/2026\/08\/Gemini_Generated_Image_wu7ceuwu7ceuwu7c-scaled.jpg","type":"image\/jpeg"}],"author":"Modef Blog","twitter_card":"summary_large_image","twitter_misc":{"Yazan:":"Modef Blog","Tahmini okuma s\u00fcresi":"3 dakika"},"schema":{"@context":"https:\/\/schema.org","@graph":[{"@type":"Article","@id":"https:\/\/modef.com.tr\/blog\/kuresel-pazarda-inegol-mobilyasi-ihracatin-baskentinden-dunya-evlerine\/#article","isPartOf":{"@id":"https:\/\/modef.com.tr\/blog\/kuresel-pazarda-inegol-mobilyasi-ihracatin-baskentinden-dunya-evlerine\/"},"author":{"name":"Modef Blog","@id":"https:\/\/modef.com.tr\/blog\/#\/schema\/person\/7e314966d0a42821c423252bfb9ba693"},"headline":"K\u00fcresel Pazarda \u0130neg\u00f6l Mobilyas\u0131: \u0130hracat\u0131n Ba\u015fkentinden D\u00fcnya Evlerine","datePublished":"2026-08-14T09:14:41+00:00","dateModified":"2026-08-14T09:23:52+00:00","mainEntityOfPage":{"@id":"https:\/\/modef.com.tr\/blog\/kuresel-pazarda-inegol-mobilyasi-ihracatin-baskentinden-dunya-evlerine\/"},"wordCount":535,"commentCount":0,"image":{"@id":"https:\/\/modef.com.tr\/blog\/kuresel-pazarda-inegol-mobilyasi-ihracatin-baskentinden-dunya-evlerine\/#primaryimage"},"thumbnailUrl":"https:\/\/modef.com.tr\/blog\/wp-content\/uploads\/2026\/08\/Gemini_Generated_Image_wu7ceuwu7ceuwu7c-scaled.jpg","keywords":["B2B mobilya","Bursa \u0130neg\u00f6l","\u0130neg\u00f6l mobilyas\u0131","mobilya ihracat\u0131","mobilya trendleri","Modef fuar\u0131","toptan mobilya","uluslararas\u0131 mobilya fuar\u0131"],"articleSection":["54. Modef Fuar\u0131","Fuarlar ve Etkinlikler","\u0130hracat","\u0130lham Veren Mekanlar","\u0130neg\u00f6l Mobilya Fuar\u0131","Mobilya Rehberi","Mobilya Sekt\u00f6r\u00fc","Mobilya Tasar\u0131m\u0131","Mobilya trendleri","Mobilya ve Dekorasyon","MODEF 2026 FUAR"],"inLanguage":"tr","potentialAction":[{"@type":"CommentAction","name":"Comment","target":["https:\/\/modef.com.tr\/blog\/kuresel-pazarda-inegol-mobilyasi-ihracatin-baskentinden-dunya-evlerine\/#respond"]}]},{"@type":"WebPage","@id":"https:\/\/modef.com.tr\/blog\/kuresel-pazarda-inegol-mobilyasi-ihracatin-baskentinden-dunya-evlerine\/","url":"https:\/\/modef.com.tr\/blog\/kuresel-pazarda-inegol-mobilyasi-ihracatin-baskentinden-dunya-evlerine\/","name":"K\u00fcresel Pazarda \u0130neg\u00f6l Mobilyas\u0131: \u0130hracat\u0131n Ba\u015fkentinden D\u00fcnya Evlerine - Modef Blog","isPartOf":{"@id":"https:\/\/modef.com.tr\/blog\/#website"},"primaryImageOfPage":{"@id":"https:\/\/modef.com.tr\/blog\/kuresel-pazarda-inegol-mobilyasi-ihracatin-baskentinden-dunya-evlerine\/#primaryimage"},"image":{"@id":"https:\/\/modef.com.tr\/blog\/kuresel-pazarda-inegol-mobilyasi-ihracatin-baskentinden-dunya-evlerine\/#primaryimage"},"thumbnailUrl":"https:\/\/modef.com.tr\/blog\/wp-content\/uploads\/2026\/08\/Gemini_Generated_Image_wu7ceuwu7ceuwu7c-scaled.jpg","datePublished":"2026-08-14T09:14:41+00:00","dateModified":"2026-08-14T09:23:52+00:00","author":{"@id":"https:\/\/modef.com.tr\/blog\/#\/schema\/person\/7e314966d0a42821c423252bfb9ba693"},"description":"T\u00fcrkiye'nin ihracat \u00fcss\u00fc \u0130neg\u00f6l mobilyas\u0131 ve 54.s\u00fc d\u00fczenlenen MODEF fuar\u0131n\u0131n k\u00fcresel pazardaki g\u00fcc\u00fcn\u00fc, yeni trendleri ve B2B avantajlar\u0131n\u0131 ke\u015ffedin.","breadcrumb":{"@id":"https:\/\/modef.com.tr\/blog\/kuresel-pazarda-inegol-mobilyasi-ihracatin-baskentinden-dunya-evlerine\/#breadcrumb"},"inLanguage":"tr","potentialAction":[{"@type":"ReadAction","target":["https:\/\/modef.com.tr\/blog\/kuresel-pazarda-inegol-mobilyasi-ihracatin-baskentinden-dunya-evlerine\/"]}]},{"@type":"ImageObject","inLanguage":"tr","@id":"https:\/\/modef.com.tr\/blog\/kuresel-pazarda-inegol-mobilyasi-ihracatin-baskentinden-dunya-evlerine\/#primaryimage","url":"https:\/\/modef.com.tr\/blog\/wp-content\/uploads\/2026\/08\/Gemini_Generated_Image_wu7ceuwu7ceuwu7c-scaled.jpg","contentUrl":"https:\/\/modef.com.tr\/blog\/wp-content\/uploads\/2026\/08\/Gemini_Generated_Image_wu7ceuwu7ceuwu7c-scaled.jpg","width":2560,"height":1396},{"@type":"BreadcrumbList","@id":"https:\/\/modef.com.tr\/blog\/kuresel-pazarda-inegol-mobilyasi-ihracatin-baskentinden-dunya-evlerine\/#breadcrumb","itemListElement":[{"@type":"ListItem","position":1,"name":"Anasayfa","item":"https:\/\/modef.com.tr\/blog\/"},{"@type":"ListItem","position":2,"name":"K\u00fcresel Pazarda \u0130neg\u00f6l Mobilyas\u0131: \u0130hracat\u0131n Ba\u015fkentinden D\u00fcnya Evlerine"}]},{"@type":"WebSite","@id":"https:\/\/modef.com.tr\/blog\/#website","url":"https:\/\/modef.com.tr\/blog\/","name":"Modef Blog","description":"\u0130neg\u00f6l Mobilya Fuar\u0131 ","potentialAction":[{"@type":"SearchAction","target":{"@type":"EntryPoint","urlTemplate":"https:\/\/modef.com.tr\/blog\/?s={search_term_string}"},"query-input":{"@type":"PropertyValueSpecification","valueRequired":true,"valueName":"search_term_string"}}],"inLanguage":"tr"},{"@type":"Person","@id":"https:\/\/modef.com.tr\/blog\/#\/schema\/person\/7e314966d0a42821c423252bfb9ba693","name":"Modef Blog","image":{"@type":"ImageObject","inLanguage":"tr","@id":"https:\/\/modef.com.tr\/blog\/#\/schema\/person\/image\/","url":"https:\/\/secure.gravatar.com\/avatar\/c95b3f7dbc491bcc3d5e547b5886751e4ee0d2d9f5049cbfc2baafad5e49a7ec?s=96&d=mm&r=g","contentUrl":"https:\/\/secure.gravatar.com\/avatar\/c95b3f7dbc491bcc3d5e547b5886751e4ee0d2d9f5049cbfc2baafad5e49a7ec?s=96&d=mm&r=g","caption":"Modef Blog"},"sameAs":["https:\/\/modef.com.tr\/blog"],"url":"https:\/\/modef.com.tr\/blog\/author\/a4nas5iteingeol\/"}]}},"_links":{"self":[{"href":"https:\/\/modef.com.tr\/blog\/wp-json\/wp\/v2\/posts\/3006","targetHints":{"allow":["GET"]}}],"collection":[{"href":"https:\/\/modef.com.tr\/blog\/wp-json\/wp\/v2\/posts"}],"about":[{"href":"https:\/\/modef.com.tr\/blog\/wp-json\/wp\/v2\/types\/post"}],"author":[{"embeddable":true,"href":"https:\/\/modef.com.tr\/blog\/wp-json\/wp\/v2\/users\/1"}],"replies":[{"embeddable":true,"href":"https:\/\/modef.com.tr\/blog\/wp-json\/wp\/v2\/comments?post=3006"}],"version-history":[{"count":2,"href":"https:\/\/modef.com.tr\/blog\/wp-json\/wp\/v2\/posts\/3006\/revisions"}],"predecessor-version":[{"id":3010,"href":"https:\/\/modef.com.tr\/blog\/wp-json\/wp\/v2\/posts\/3006\/revisions\/3010"}],"wp:featuredmedia":[{"embeddable":true,"href":"https:\/\/modef.com.tr\/blog\/wp-json\/wp\/v2\/media\/3008"}],"wp:attachment":[{"href":"https:\/\/modef.com.tr\/blog\/wp-json\/wp\/v2\/media?parent=3006"}],"wp:term":[{"taxonomy":"category","embeddable":true,"href":"https:\/\/modef.com.tr\/blog\/wp-json\/wp\/v2\/categories?post=3006"},{"taxonomy":"post_tag","embeddable":true,"href":"https:\/\/modef.com.tr\/blog\/wp-json\/wp\/v2\/tags?post=3006"}],"curies":[{"name":"wp","href":"https:\/\/api.w.org\/{rel}","templated":true}]}}