{"id":3000,"date":"2026-08-07T15:35:05","date_gmt":"2026-08-07T12:35:05","guid":{"rendered":"https:\/\/modef.com.tr\/blog\/?p=3000"},"modified":"2026-08-07T15:35:05","modified_gmt":"2026-08-07T12:35:05","slug":"ileri-donusum-upcycling-trendi-eski-mobilyalarinizi-modern-dokunuslarla-yenileyin","status":"publish","type":"post","link":"https:\/\/modef.com.tr\/blog\/ileri-donusum-upcycling-trendi-eski-mobilyalarinizi-modern-dokunuslarla-yenileyin\/","title":{"rendered":"\u0130leri D\u00f6n\u00fc\u015f\u00fcm (Upcycling) Trendi: Eski Mobilyalar\u0131n\u0131z\u0131 Modern Dokunu\u015flarla Yenileyin"},"content":{"rendered":"<p data-path-to-node=\"4\">Mobilya ve dekorasyon d\u00fcnyas\u0131nda ileri d\u00f6n\u00fc\u015f\u00fcm ak\u0131m\u0131 son derece pop\u00fclerdir. \u00dcstelik bu ak\u0131m, hem ekolojik bir sorumluluk ta\u015f\u0131r hem de evinizde \u00f6zg\u00fcn bir tarz yaratman\u0131z\u0131 sa\u011flar. Dolay\u0131s\u0131yla, kullan\u0131lmayan veya eskimi\u015f mobilyalar\u0131 \u00e7\u00f6pe atmak yerine onlar\u0131 yeniden yorumlayabilirsiniz. \u00c7\u00fcnk\u00fc bu y\u00f6ntem hem b\u00fct\u00e7enizi korur hem de seri \u00fcretim standartlar\u0131n\u0131n \u00f6tesinde ya\u015fam alanlar\u0131 tasarlaman\u0131za imkan tan\u0131r.<\/p>\n<p data-path-to-node=\"5\">MODEF ekibi olarak en g\u00fcncel trendleri evinize ta\u015f\u0131yoruz. \u00d6zellikle bu yaz\u0131da, eski mobilyalar\u0131n\u0131z\u0131 modern dokunu\u015flarla nas\u0131l hayata d\u00f6nd\u00fcrece\u011finizi derledik. Ayr\u0131ca en pop\u00fcler upcycling fikirlerini ve ipu\u00e7lar\u0131n\u0131 sizinle payla\u015f\u0131yoruz.<\/p>\n<h3 data-path-to-node=\"7\">\u0130leri D\u00f6n\u00fc\u015f\u00fcm (Upcycling) Nedir? Geri D\u00f6n\u00fc\u015f\u00fcmden Fark\u0131 Nedir?<\/h3>\n<p data-path-to-node=\"8\">\u00d6ncelikle, geri d\u00f6n\u00fc\u015f\u00fcm at\u0131k malzemeleri kimyasal i\u015flemlerden ge\u00e7irerek hammaddesini yeniden \u00fcretir. Buna kar\u015f\u0131l\u0131k, ileri d\u00f6n\u00fc\u015f\u00fcm (upcycling) olduk\u00e7a farkl\u0131d\u0131r. \u00c7\u00fcnk\u00fc bu s\u00fcre\u00e7 nesnenin formunu korurken ona daha y\u00fcksek bir estetik de\u011fer katar. B\u00f6ylece sanatsal bir i\u015flev veya modern bir kullan\u0131m amac\u0131 kazanm\u0131\u015f olur.<\/p>\n<p data-path-to-node=\"9\">\u00d6rne\u011fin, eski bir ah\u015fap sehpay\u0131 \u00f6nce z\u0131mparalayabilir, ard\u0131ndan yepyeni bir renge boyayabilirsiniz. Veya masif bir yemek masas\u0131n\u0131n aya\u011f\u0131n\u0131 de\u011fi\u015ftirebilirsiniz. K\u0131sacas\u0131 t\u00fcm bu ad\u0131mlar m\u00fckemmel birer ileri d\u00f6n\u00fc\u015f\u00fcm \u00f6rne\u011fidir.<\/p>\n<h3 data-path-to-node=\"11\">Eski Mobilyalar\u0131n\u0131z\u0131 Modernle\u015ftirmek \u0130\u00e7in 5 Etkili Y\u00f6ntem<\/h3>\n<p><img fetchpriority=\"high\" decoding=\"async\" class=\" wp-image-3001 alignright\" src=\"https:\/\/modef.com.tr\/blog\/wp-content\/uploads\/2026\/08\/Gemini_Generated_Image_t6rh5it6rh5it6rh-300x164.png\" alt=\"\" width=\"366\" height=\"200\" srcset=\"https:\/\/modef.com.tr\/blog\/wp-content\/uploads\/2026\/08\/Gemini_Generated_Image_t6rh5it6rh5it6rh-300x164.png 300w, https:\/\/modef.com.tr\/blog\/wp-content\/uploads\/2026\/08\/Gemini_Generated_Image_t6rh5it6rh5it6rh-1024x559.png 1024w, https:\/\/modef.com.tr\/blog\/wp-content\/uploads\/2026\/08\/Gemini_Generated_Image_t6rh5it6rh5it6rh-768x419.png 768w, https:\/\/modef.com.tr\/blog\/wp-content\/uploads\/2026\/08\/Gemini_Generated_Image_t6rh5it6rh5it6rh-1536x838.png 1536w, https:\/\/modef.com.tr\/blog\/wp-content\/uploads\/2026\/08\/Gemini_Generated_Image_t6rh5it6rh5it6rh-2048x1117.png 2048w, https:\/\/modef.com.tr\/blog\/wp-content\/uploads\/2026\/08\/Gemini_Generated_Image_t6rh5it6rh5it6rh-600x327.png 600w, https:\/\/modef.com.tr\/blog\/wp-content\/uploads\/2026\/08\/Gemini_Generated_Image_t6rh5it6rh5it6rh-750x409.png 750w, https:\/\/modef.com.tr\/blog\/wp-content\/uploads\/2026\/08\/Gemini_Generated_Image_t6rh5it6rh5it6rh-1140x622.png 1140w\" sizes=\"(max-width: 366px) 100vw, 366px\" \/><\/p>\n<p data-path-to-node=\"12\">Evinizin k\u00f6\u015fesinde duran kullan\u0131lmayan mobilyalar\u0131 g\u00fcncel trendlere uyarlamak i\u00e7in \u015fu ad\u0131mlar\u0131 takip edebilirsiniz:<\/p>\n<h4 data-path-to-node=\"13\">1. Renklerin G\u00fcc\u00fcnden Faydalan\u0131n<\/h4>\n<p data-path-to-node=\"14\">Mobilya yenileme projelerinin temeli ku\u015fkusuz boyamad\u0131r. \u00d6zellikle koyu ve a\u011f\u0131r renkli ah\u015fap dolaplar\u0131 boyayarak konsollar\u0131 yenileyebilirsiniz. Bu noktada bej, ka\u015fmir, ada\u00e7ay\u0131 ye\u015fili veya toprak tonlar\u0131 gibi renkleri kullan\u0131n. \u00c7\u00fcnk\u00fc bu tonlar mekana an\u0131nda ferahl\u0131k katar. \u00dcstelik mat lake boyalar modern bir doku sa\u011flarken, tebe\u015fir boyalar da harika tercihlerdir.<\/p>\n<h4 data-path-to-node=\"15\">2. Kulplar\u0131 ve Aksesuarlar\u0131 De\u011fi\u015ftirin<\/h4>\n<p data-path-to-node=\"16\">Genellikle k\u00fc\u00e7\u00fck detaylar b\u00fcy\u00fck de\u011fi\u015fimler yarat\u0131r. \u00d6rne\u011fin, eski alt\u0131n sar\u0131s\u0131 kulplar\u0131 s\u00f6kerek i\u015fe ba\u015flay\u0131n. Bunun yerine mat siyah, f\u0131r\u00e7alanm\u0131\u015f pirin\u00e7 veya deri kulplar tak\u0131n. Neticede bu de\u011fi\u015fim, s\u0131radan bir komodini bile an\u0131nda \u015fifonyere d\u00f6n\u00fc\u015ft\u00fcrerek tasar\u0131m harikas\u0131 yapar.<\/p>\n<h4 data-path-to-node=\"17\">3. Farkl\u0131 Malzemeleri Harmanlay\u0131n<\/h4>\n<p data-path-to-node=\"18\">Modern dekorasyon bilindi\u011fi \u00fczere z\u0131tl\u0131klar\u0131n uyumunu sever. \u00d6rne\u011fin, tamamen ah\u015fap olan eski bir masan\u0131n ayaklar\u0131n\u0131 s\u00f6kebilirsiniz. Bunun yerine end\u00fcstriyel metal ayaklar takarak cam tablalar ekleyin ve b\u00f6ylece modern bir form yakalay\u0131n. Bu yakla\u015f\u0131m, rustik ve end\u00fcstriyel tarz\u0131 birle\u015ftirmenin en pratik yoludur.<\/p>\n<h4 data-path-to-node=\"19\">4. D\u00f6\u015femeleri Yenileyin<\/h4>\n<p data-path-to-node=\"20\">Y\u0131llara meydan okuyan sa\u011flam iskeletler her zaman de\u011ferlidir. Ancak kuma\u015flar\u0131 eskimi\u015f olabilir. \u00d6zellikle koltuklar, berjerler veya sandalyeler bu y\u00f6ntem i\u00e7in \u00e7ok uygundur. Klasik \u00e7i\u00e7ekli kuma\u015flar yerine buklet, keten, kadife tercih edebilirsiniz. N\u00f6tr tonlardaki dokuma kuma\u015flar ortama hemen \u0130skandinav bir \u015f\u0131kl\u0131k kazand\u0131r\u0131r.<\/p>\n<h4 data-path-to-node=\"21\">5. \u00c7ok Ama\u00e7l\u0131 Fonksiyonlar Kazand\u0131r\u0131n<\/h4>\n<p data-path-to-node=\"22\">\u0130leri d\u00f6n\u00fc\u015f\u00fcm ayn\u0131 zamanda i\u015flevsel bir yenilenmedir. \u00d6rne\u011fin, eski bir merdiveni duvara monte ederek onu \u015f\u0131k bir havluluk veya kitapl\u0131k raf\u0131 haline getirebilirsiniz. Buna ek olarak, ah\u015fap meyve kasalar\u0131n\u0131 z\u0131mparalay\u0131p boyayarak mod\u00fcler duvar raflar\u0131 tasarlayabilirsiniz.<\/p>\n<h3 data-path-to-node=\"24\">\u0130leri D\u00f6n\u00fc\u015f\u00fcm\u00fcn Ev Dekorasyonuna Avantajlar\u0131<\/h3>\n<ul data-path-to-node=\"25\">\n<li>\n<p data-path-to-node=\"25,0,0\"><b data-path-to-node=\"25,0,0\" data-index-in-node=\"0\">\u00d6zg\u00fcnl\u00fck:<\/b> Evinizde sergiledi\u011finiz par\u00e7a tamamen size \u00f6zeldir; dolay\u0131s\u0131yla kimsede bir benzeri bulunmaz.<\/p>\n<\/li>\n<li>\n<p data-path-to-node=\"25,1,0\"><b data-path-to-node=\"25,1,0\" data-index-in-node=\"0\">S\u00fcrd\u00fcr\u00fclebilirlik:<\/b> T\u00fcketim \u00e7\u0131lg\u0131nl\u0131\u011f\u0131na kar\u015f\u0131 durursunuz. B\u00f6ylece hem do\u011fay\u0131 korur hem de karbon ayak izinizi azalt\u0131rs\u0131n\u0131z.<\/p>\n<\/li>\n<li>\n<p data-path-to-node=\"25,2,0\"><b data-path-to-node=\"25,2,0\" data-index-in-node=\"0\">Ekonomik \u00c7\u00f6z\u00fcm:<\/b> Yeni mobilya maliyetleri olduk\u00e7a y\u00fcksektir; ancak bu y\u00f6ntem d\u00fc\u015f\u00fck b\u00fct\u00e7eyle y\u00fcksek kalite sa\u011flar.<\/p>\n<\/li>\n<li>\n<p data-path-to-node=\"25,3,0\"><b data-path-to-node=\"25,3,0\" data-index-in-node=\"0\">Ki\u015fisel Ba\u011f:<\/b> Kendi eme\u011finiz do\u011frudan e\u015fyalara yans\u0131r ve evinize \u00e7ok daha samimi bir atmosfer kazand\u0131r\u0131r.<\/p>\n<\/li>\n<\/ul>\n<h3 data-path-to-node=\"27\">MODEF ile Tasar\u0131mda S\u0131n\u0131rlar\u0131 Kald\u0131r\u0131n<\/h3>\n<p data-path-to-node=\"28\">Eski mobilyalar\u0131n\u0131z\u0131 yenilerken zaman zaman ilhama ihtiyac\u0131n\u0131z olabilir. Sekt\u00f6r\u00fcn kalbi her zaman MODEF&#8217;te atar. En yeni mobilya trendlerini bir araya getiriyor, modern tasar\u0131mlar\u0131 ve yenilik\u00e7i \u00e7izgileri yak\u0131ndan takip ediyoruz. \u0130ster s\u0131f\u0131rdan bir ya\u015fam alan\u0131 kurgulay\u0131n ister nostaljik par\u00e7alar\u0131 yenileyin; evinizin ruhunu yans\u0131tan en \u015f\u0131k detaylar i\u00e7in bizi takip etmeye devam edin!<\/p>\n","protected":false},"excerpt":{"rendered":"<p>Mobilya ve dekorasyon d\u00fcnyas\u0131nda ileri d\u00f6n\u00fc\u015f\u00fcm ak\u0131m\u0131 son derece pop\u00fclerdir. \u00dcstelik bu ak\u0131m, hem ekolojik bir sorumluluk ta\u015f\u0131r hem de evinizde \u00f6zg\u00fcn bir tarz yaratman\u0131z\u0131 sa\u011flar. Dolay\u0131s\u0131yla, kullan\u0131lmayan veya eskimi\u015f mobilyalar\u0131 \u00e7\u00f6pe atmak yerine onlar\u0131 yeniden yorumlayabilirsiniz. \u00c7\u00fcnk\u00fc bu y\u00f6ntem hem b\u00fct\u00e7enizi korur hem de seri \u00fcretim standartlar\u0131n\u0131n \u00f6tesinde ya\u015fam alanlar\u0131 tasarlaman\u0131za imkan tan\u0131r. MODEF [&hellip;]<\/p>\n","protected":false},"author":1,"featured_media":3002,"comment_status":"open","ping_status":"open","sticky":false,"template":"","format":"standard","meta":{"jnews-multi-image_gallery":[],"jnews_single_post":{"subtitle":""},"jnews_primary_category":[],"jnews_social_meta":[],"jnews_paywall_metabox":[],"jnews_override_counter":[],"jnews_post_split":[],"footnotes":""},"categories":[214,210,389,423,376,494,211,510,467,319,511,390,480,398],"tags":[516,515,436,519,512,514,518,517,513],"class_list":["post-3000","post","type-post","status-publish","format-standard","has-post-thumbnail","hentry","category-54-modef-fuari","category-ana-sayfa","category-dekorasyon-fikirleri","category-dekorasyon-ipuclari","category-fuar","category-fuar-ve-etkinlikler","category-inegol-mobilya-fuari","category-kendin-yap-diy","category-mobilya-haberleri","category-mobilya-rehberi","category-mobilya-tasarimi","category-mobilya-trendleri","category-mobilya-ve-dekorasyon","category-surdurulebilir-yasam","tag-ahsap-boyama","tag-diy-projeleri","tag-ev-dekorasyonu","tag-geri-donusum-fikirleri","tag-ileri-donusum","tag-mobilya-yenileme","tag-modern-mobilya","tag-surdurulebilir-yasam","tag-upcycling"],"yoast_head":"<!-- This site is optimized with the Yoast SEO plugin v26.9 - https:\/\/yoast.com\/product\/yoast-seo-wordpress\/ -->\n<title>\u0130leri D\u00f6n\u00fc\u015f\u00fcm (Upcycling) Trendi: Eski Mobilyalar\u0131n\u0131z\u0131 Modern Dokunu\u015flarla Yenileyin - Modef Blog<\/title>\n<meta name=\"description\" content=\"Eski mobilyalar\u0131n\u0131z\u0131 modern dokunu\u015flarla nas\u0131l yenileyebilece\u011finizi ke\u015ffedin! S\u00fcrd\u00fcr\u00fclebilir dekorasyon trendleri, upcycling fikirleri ve ipu\u00e7lar\u0131 MODEF Blog&#039;da.\" \/>\n<meta name=\"robots\" content=\"index, follow, max-snippet:-1, max-image-preview:large, max-video-preview:-1\" \/>\n<link rel=\"canonical\" href=\"https:\/\/modef.com.tr\/blog\/ileri-donusum-upcycling-trendi-eski-mobilyalarinizi-modern-dokunuslarla-yenileyin\/\" \/>\n<meta property=\"og:locale\" content=\"tr_TR\" \/>\n<meta property=\"og:type\" content=\"article\" \/>\n<meta property=\"og:title\" content=\"\u0130leri D\u00f6n\u00fc\u015f\u00fcm (Upcycling) Trendi: Eski Mobilyalar\u0131n\u0131z\u0131 Modern Dokunu\u015flarla Yenileyin - Modef Blog\" \/>\n<meta property=\"og:description\" content=\"Eski mobilyalar\u0131n\u0131z\u0131 modern dokunu\u015flarla nas\u0131l yenileyebilece\u011finizi ke\u015ffedin! S\u00fcrd\u00fcr\u00fclebilir dekorasyon trendleri, upcycling fikirleri ve ipu\u00e7lar\u0131 MODEF Blog&#039;da.\" \/>\n<meta property=\"og:url\" content=\"https:\/\/modef.com.tr\/blog\/ileri-donusum-upcycling-trendi-eski-mobilyalarinizi-modern-dokunuslarla-yenileyin\/\" \/>\n<meta property=\"og:site_name\" content=\"Modef Blog\" \/>\n<meta property=\"article:published_time\" content=\"2026-08-07T12:35:05+00:00\" \/>\n<meta property=\"og:image\" content=\"https:\/\/modef.com.tr\/blog\/wp-content\/uploads\/2026\/08\/Gemini_Generated_Image_h7yqi9h7yqi9h7yq-1024x559.png\" \/>\n\t<meta property=\"og:image:width\" content=\"1024\" \/>\n\t<meta property=\"og:image:height\" content=\"559\" \/>\n\t<meta property=\"og:image:type\" content=\"image\/png\" \/>\n<meta name=\"author\" content=\"Modef Blog\" \/>\n<meta name=\"twitter:card\" content=\"summary_large_image\" \/>\n<meta name=\"twitter:label1\" content=\"Yazan:\" \/>\n\t<meta name=\"twitter:data1\" content=\"Modef Blog\" \/>\n\t<meta name=\"twitter:label2\" content=\"Tahmini okuma s\u00fcresi\" \/>\n\t<meta name=\"twitter:data2\" content=\"4 dakika\" \/>\n<script type=\"application\/ld+json\" class=\"yoast-schema-graph\">{\"@context\":\"https:\/\/schema.org\",\"@graph\":[{\"@type\":\"Article\",\"@id\":\"https:\/\/modef.com.tr\/blog\/ileri-donusum-upcycling-trendi-eski-mobilyalarinizi-modern-dokunuslarla-yenileyin\/#article\",\"isPartOf\":{\"@id\":\"https:\/\/modef.com.tr\/blog\/ileri-donusum-upcycling-trendi-eski-mobilyalarinizi-modern-dokunuslarla-yenileyin\/\"},\"author\":{\"name\":\"Modef Blog\",\"@id\":\"https:\/\/modef.com.tr\/blog\/#\/schema\/person\/7e314966d0a42821c423252bfb9ba693\"},\"headline\":\"\u0130leri D\u00f6n\u00fc\u015f\u00fcm (Upcycling) Trendi: Eski Mobilyalar\u0131n\u0131z\u0131 Modern Dokunu\u015flarla Yenileyin\",\"datePublished\":\"2026-08-07T12:35:05+00:00\",\"mainEntityOfPage\":{\"@id\":\"https:\/\/modef.com.tr\/blog\/ileri-donusum-upcycling-trendi-eski-mobilyalarinizi-modern-dokunuslarla-yenileyin\/\"},\"wordCount\":754,\"commentCount\":0,\"image\":{\"@id\":\"https:\/\/modef.com.tr\/blog\/ileri-donusum-upcycling-trendi-eski-mobilyalarinizi-modern-dokunuslarla-yenileyin\/#primaryimage\"},\"thumbnailUrl\":\"https:\/\/modef.com.tr\/blog\/wp-content\/uploads\/2026\/08\/Gemini_Generated_Image_h7yqi9h7yqi9h7yq-scaled.png\",\"keywords\":[\"ah\u015fap boyama\",\"DIY projeleri\",\"ev dekorasyonu\",\"geri d\u00f6n\u00fc\u015f\u00fcm fikirleri\",\"ileri d\u00f6n\u00fc\u015f\u00fcm\",\"mobilya yenileme\",\"modern mobilya\",\"s\u00fcrd\u00fcr\u00fclebilir ya\u015fam\",\"upcycling\"],\"articleSection\":[\"54. Modef Fuar\u0131\",\"Ana Sayfa\",\"Dekorasyon Fikirleri\",\"Dekorasyon \u0130pu\u00e7lar\u0131\",\"Fuar\",\"Fuar ve Etkinlikler\",\"\u0130neg\u00f6l Mobilya Fuar\u0131\",\"Kendin Yap (DIY)\",\"Mobilya Haberleri\",\"Mobilya Rehberi\",\"Mobilya Tasar\u0131m\u0131\",\"Mobilya trendleri\",\"Mobilya ve Dekorasyon\",\"S\u00fcrd\u00fcr\u00fclebilir Ya\u015fam\"],\"inLanguage\":\"tr\",\"potentialAction\":[{\"@type\":\"CommentAction\",\"name\":\"Comment\",\"target\":[\"https:\/\/modef.com.tr\/blog\/ileri-donusum-upcycling-trendi-eski-mobilyalarinizi-modern-dokunuslarla-yenileyin\/#respond\"]}]},{\"@type\":\"WebPage\",\"@id\":\"https:\/\/modef.com.tr\/blog\/ileri-donusum-upcycling-trendi-eski-mobilyalarinizi-modern-dokunuslarla-yenileyin\/\",\"url\":\"https:\/\/modef.com.tr\/blog\/ileri-donusum-upcycling-trendi-eski-mobilyalarinizi-modern-dokunuslarla-yenileyin\/\",\"name\":\"\u0130leri D\u00f6n\u00fc\u015f\u00fcm (Upcycling) Trendi: Eski Mobilyalar\u0131n\u0131z\u0131 Modern Dokunu\u015flarla Yenileyin - Modef Blog\",\"isPartOf\":{\"@id\":\"https:\/\/modef.com.tr\/blog\/#website\"},\"primaryImageOfPage\":{\"@id\":\"https:\/\/modef.com.tr\/blog\/ileri-donusum-upcycling-trendi-eski-mobilyalarinizi-modern-dokunuslarla-yenileyin\/#primaryimage\"},\"image\":{\"@id\":\"https:\/\/modef.com.tr\/blog\/ileri-donusum-upcycling-trendi-eski-mobilyalarinizi-modern-dokunuslarla-yenileyin\/#primaryimage\"},\"thumbnailUrl\":\"https:\/\/modef.com.tr\/blog\/wp-content\/uploads\/2026\/08\/Gemini_Generated_Image_h7yqi9h7yqi9h7yq-scaled.png\",\"datePublished\":\"2026-08-07T12:35:05+00:00\",\"author\":{\"@id\":\"https:\/\/modef.com.tr\/blog\/#\/schema\/person\/7e314966d0a42821c423252bfb9ba693\"},\"description\":\"Eski mobilyalar\u0131n\u0131z\u0131 modern dokunu\u015flarla nas\u0131l yenileyebilece\u011finizi ke\u015ffedin! S\u00fcrd\u00fcr\u00fclebilir dekorasyon trendleri, upcycling fikirleri ve ipu\u00e7lar\u0131 MODEF Blog'da.\",\"breadcrumb\":{\"@id\":\"https:\/\/modef.com.tr\/blog\/ileri-donusum-upcycling-trendi-eski-mobilyalarinizi-modern-dokunuslarla-yenileyin\/#breadcrumb\"},\"inLanguage\":\"tr\",\"potentialAction\":[{\"@type\":\"ReadAction\",\"target\":[\"https:\/\/modef.com.tr\/blog\/ileri-donusum-upcycling-trendi-eski-mobilyalarinizi-modern-dokunuslarla-yenileyin\/\"]}]},{\"@type\":\"ImageObject\",\"inLanguage\":\"tr\",\"@id\":\"https:\/\/modef.com.tr\/blog\/ileri-donusum-upcycling-trendi-eski-mobilyalarinizi-modern-dokunuslarla-yenileyin\/#primaryimage\",\"url\":\"https:\/\/modef.com.tr\/blog\/wp-content\/uploads\/2026\/08\/Gemini_Generated_Image_h7yqi9h7yqi9h7yq-scaled.png\",\"contentUrl\":\"https:\/\/modef.com.tr\/blog\/wp-content\/uploads\/2026\/08\/Gemini_Generated_Image_h7yqi9h7yqi9h7yq-scaled.png\",\"width\":2560,\"height\":1396},{\"@type\":\"BreadcrumbList\",\"@id\":\"https:\/\/modef.com.tr\/blog\/ileri-donusum-upcycling-trendi-eski-mobilyalarinizi-modern-dokunuslarla-yenileyin\/#breadcrumb\",\"itemListElement\":[{\"@type\":\"ListItem\",\"position\":1,\"name\":\"Anasayfa\",\"item\":\"https:\/\/modef.com.tr\/blog\/\"},{\"@type\":\"ListItem\",\"position\":2,\"name\":\"\u0130leri D\u00f6n\u00fc\u015f\u00fcm (Upcycling) Trendi: Eski Mobilyalar\u0131n\u0131z\u0131 Modern Dokunu\u015flarla Yenileyin\"}]},{\"@type\":\"WebSite\",\"@id\":\"https:\/\/modef.com.tr\/blog\/#website\",\"url\":\"https:\/\/modef.com.tr\/blog\/\",\"name\":\"Modef Blog\",\"description\":\"\u0130neg\u00f6l Mobilya Fuar\u0131 \",\"potentialAction\":[{\"@type\":\"SearchAction\",\"target\":{\"@type\":\"EntryPoint\",\"urlTemplate\":\"https:\/\/modef.com.tr\/blog\/?s={search_term_string}\"},\"query-input\":{\"@type\":\"PropertyValueSpecification\",\"valueRequired\":true,\"valueName\":\"search_term_string\"}}],\"inLanguage\":\"tr\"},{\"@type\":\"Person\",\"@id\":\"https:\/\/modef.com.tr\/blog\/#\/schema\/person\/7e314966d0a42821c423252bfb9ba693\",\"name\":\"Modef Blog\",\"image\":{\"@type\":\"ImageObject\",\"inLanguage\":\"tr\",\"@id\":\"https:\/\/modef.com.tr\/blog\/#\/schema\/person\/image\/\",\"url\":\"https:\/\/secure.gravatar.com\/avatar\/c95b3f7dbc491bcc3d5e547b5886751e4ee0d2d9f5049cbfc2baafad5e49a7ec?s=96&d=mm&r=g\",\"contentUrl\":\"https:\/\/secure.gravatar.com\/avatar\/c95b3f7dbc491bcc3d5e547b5886751e4ee0d2d9f5049cbfc2baafad5e49a7ec?s=96&d=mm&r=g\",\"caption\":\"Modef Blog\"},\"sameAs\":[\"https:\/\/modef.com.tr\/blog\"],\"url\":\"https:\/\/modef.com.tr\/blog\/author\/a4nas5iteingeol\/\"}]}<\/script>\n<!-- \/ Yoast SEO plugin. -->","yoast_head_json":{"title":"\u0130leri D\u00f6n\u00fc\u015f\u00fcm (Upcycling) Trendi: Eski Mobilyalar\u0131n\u0131z\u0131 Modern Dokunu\u015flarla Yenileyin - Modef Blog","description":"Eski mobilyalar\u0131n\u0131z\u0131 modern dokunu\u015flarla nas\u0131l yenileyebilece\u011finizi ke\u015ffedin! S\u00fcrd\u00fcr\u00fclebilir dekorasyon trendleri, upcycling fikirleri ve ipu\u00e7lar\u0131 MODEF Blog'da.","robots":{"index":"index","follow":"follow","max-snippet":"max-snippet:-1","max-image-preview":"max-image-preview:large","max-video-preview":"max-video-preview:-1"},"canonical":"https:\/\/modef.com.tr\/blog\/ileri-donusum-upcycling-trendi-eski-mobilyalarinizi-modern-dokunuslarla-yenileyin\/","og_locale":"tr_TR","og_type":"article","og_title":"\u0130leri D\u00f6n\u00fc\u015f\u00fcm (Upcycling) Trendi: Eski Mobilyalar\u0131n\u0131z\u0131 Modern Dokunu\u015flarla Yenileyin - Modef Blog","og_description":"Eski mobilyalar\u0131n\u0131z\u0131 modern dokunu\u015flarla nas\u0131l yenileyebilece\u011finizi ke\u015ffedin! S\u00fcrd\u00fcr\u00fclebilir dekorasyon trendleri, upcycling fikirleri ve ipu\u00e7lar\u0131 MODEF Blog'da.","og_url":"https:\/\/modef.com.tr\/blog\/ileri-donusum-upcycling-trendi-eski-mobilyalarinizi-modern-dokunuslarla-yenileyin\/","og_site_name":"Modef Blog","article_published_time":"2026-08-07T12:35:05+00:00","og_image":[{"width":1024,"height":559,"url":"https:\/\/modef.com.tr\/blog\/wp-content\/uploads\/2026\/08\/Gemini_Generated_Image_h7yqi9h7yqi9h7yq-1024x559.png","type":"image\/png"}],"author":"Modef Blog","twitter_card":"summary_large_image","twitter_misc":{"Yazan:":"Modef Blog","Tahmini okuma s\u00fcresi":"4 dakika"},"schema":{"@context":"https:\/\/schema.org","@graph":[{"@type":"Article","@id":"https:\/\/modef.com.tr\/blog\/ileri-donusum-upcycling-trendi-eski-mobilyalarinizi-modern-dokunuslarla-yenileyin\/#article","isPartOf":{"@id":"https:\/\/modef.com.tr\/blog\/ileri-donusum-upcycling-trendi-eski-mobilyalarinizi-modern-dokunuslarla-yenileyin\/"},"author":{"name":"Modef Blog","@id":"https:\/\/modef.com.tr\/blog\/#\/schema\/person\/7e314966d0a42821c423252bfb9ba693"},"headline":"\u0130leri D\u00f6n\u00fc\u015f\u00fcm (Upcycling) Trendi: Eski Mobilyalar\u0131n\u0131z\u0131 Modern Dokunu\u015flarla Yenileyin","datePublished":"2026-08-07T12:35:05+00:00","mainEntityOfPage":{"@id":"https:\/\/modef.com.tr\/blog\/ileri-donusum-upcycling-trendi-eski-mobilyalarinizi-modern-dokunuslarla-yenileyin\/"},"wordCount":754,"commentCount":0,"image":{"@id":"https:\/\/modef.com.tr\/blog\/ileri-donusum-upcycling-trendi-eski-mobilyalarinizi-modern-dokunuslarla-yenileyin\/#primaryimage"},"thumbnailUrl":"https:\/\/modef.com.tr\/blog\/wp-content\/uploads\/2026\/08\/Gemini_Generated_Image_h7yqi9h7yqi9h7yq-scaled.png","keywords":["ah\u015fap boyama","DIY projeleri","ev dekorasyonu","geri d\u00f6n\u00fc\u015f\u00fcm fikirleri","ileri d\u00f6n\u00fc\u015f\u00fcm","mobilya yenileme","modern mobilya","s\u00fcrd\u00fcr\u00fclebilir ya\u015fam","upcycling"],"articleSection":["54. Modef Fuar\u0131","Ana Sayfa","Dekorasyon Fikirleri","Dekorasyon \u0130pu\u00e7lar\u0131","Fuar","Fuar ve Etkinlikler","\u0130neg\u00f6l Mobilya Fuar\u0131","Kendin Yap (DIY)","Mobilya Haberleri","Mobilya Rehberi","Mobilya Tasar\u0131m\u0131","Mobilya trendleri","Mobilya ve Dekorasyon","S\u00fcrd\u00fcr\u00fclebilir Ya\u015fam"],"inLanguage":"tr","potentialAction":[{"@type":"CommentAction","name":"Comment","target":["https:\/\/modef.com.tr\/blog\/ileri-donusum-upcycling-trendi-eski-mobilyalarinizi-modern-dokunuslarla-yenileyin\/#respond"]}]},{"@type":"WebPage","@id":"https:\/\/modef.com.tr\/blog\/ileri-donusum-upcycling-trendi-eski-mobilyalarinizi-modern-dokunuslarla-yenileyin\/","url":"https:\/\/modef.com.tr\/blog\/ileri-donusum-upcycling-trendi-eski-mobilyalarinizi-modern-dokunuslarla-yenileyin\/","name":"\u0130leri D\u00f6n\u00fc\u015f\u00fcm (Upcycling) Trendi: Eski Mobilyalar\u0131n\u0131z\u0131 Modern Dokunu\u015flarla Yenileyin - Modef Blog","isPartOf":{"@id":"https:\/\/modef.com.tr\/blog\/#website"},"primaryImageOfPage":{"@id":"https:\/\/modef.com.tr\/blog\/ileri-donusum-upcycling-trendi-eski-mobilyalarinizi-modern-dokunuslarla-yenileyin\/#primaryimage"},"image":{"@id":"https:\/\/modef.com.tr\/blog\/ileri-donusum-upcycling-trendi-eski-mobilyalarinizi-modern-dokunuslarla-yenileyin\/#primaryimage"},"thumbnailUrl":"https:\/\/modef.com.tr\/blog\/wp-content\/uploads\/2026\/08\/Gemini_Generated_Image_h7yqi9h7yqi9h7yq-scaled.png","datePublished":"2026-08-07T12:35:05+00:00","author":{"@id":"https:\/\/modef.com.tr\/blog\/#\/schema\/person\/7e314966d0a42821c423252bfb9ba693"},"description":"Eski mobilyalar\u0131n\u0131z\u0131 modern dokunu\u015flarla nas\u0131l yenileyebilece\u011finizi ke\u015ffedin! S\u00fcrd\u00fcr\u00fclebilir dekorasyon trendleri, upcycling fikirleri ve ipu\u00e7lar\u0131 MODEF Blog'da.","breadcrumb":{"@id":"https:\/\/modef.com.tr\/blog\/ileri-donusum-upcycling-trendi-eski-mobilyalarinizi-modern-dokunuslarla-yenileyin\/#breadcrumb"},"inLanguage":"tr","potentialAction":[{"@type":"ReadAction","target":["https:\/\/modef.com.tr\/blog\/ileri-donusum-upcycling-trendi-eski-mobilyalarinizi-modern-dokunuslarla-yenileyin\/"]}]},{"@type":"ImageObject","inLanguage":"tr","@id":"https:\/\/modef.com.tr\/blog\/ileri-donusum-upcycling-trendi-eski-mobilyalarinizi-modern-dokunuslarla-yenileyin\/#primaryimage","url":"https:\/\/modef.com.tr\/blog\/wp-content\/uploads\/2026\/08\/Gemini_Generated_Image_h7yqi9h7yqi9h7yq-scaled.png","contentUrl":"https:\/\/modef.com.tr\/blog\/wp-content\/uploads\/2026\/08\/Gemini_Generated_Image_h7yqi9h7yqi9h7yq-scaled.png","width":2560,"height":1396},{"@type":"BreadcrumbList","@id":"https:\/\/modef.com.tr\/blog\/ileri-donusum-upcycling-trendi-eski-mobilyalarinizi-modern-dokunuslarla-yenileyin\/#breadcrumb","itemListElement":[{"@type":"ListItem","position":1,"name":"Anasayfa","item":"https:\/\/modef.com.tr\/blog\/"},{"@type":"ListItem","position":2,"name":"\u0130leri D\u00f6n\u00fc\u015f\u00fcm (Upcycling) Trendi: Eski Mobilyalar\u0131n\u0131z\u0131 Modern Dokunu\u015flarla Yenileyin"}]},{"@type":"WebSite","@id":"https:\/\/modef.com.tr\/blog\/#website","url":"https:\/\/modef.com.tr\/blog\/","name":"Modef Blog","description":"\u0130neg\u00f6l Mobilya Fuar\u0131 ","potentialAction":[{"@type":"SearchAction","target":{"@type":"EntryPoint","urlTemplate":"https:\/\/modef.com.tr\/blog\/?s={search_term_string}"},"query-input":{"@type":"PropertyValueSpecification","valueRequired":true,"valueName":"search_term_string"}}],"inLanguage":"tr"},{"@type":"Person","@id":"https:\/\/modef.com.tr\/blog\/#\/schema\/person\/7e314966d0a42821c423252bfb9ba693","name":"Modef Blog","image":{"@type":"ImageObject","inLanguage":"tr","@id":"https:\/\/modef.com.tr\/blog\/#\/schema\/person\/image\/","url":"https:\/\/secure.gravatar.com\/avatar\/c95b3f7dbc491bcc3d5e547b5886751e4ee0d2d9f5049cbfc2baafad5e49a7ec?s=96&d=mm&r=g","contentUrl":"https:\/\/secure.gravatar.com\/avatar\/c95b3f7dbc491bcc3d5e547b5886751e4ee0d2d9f5049cbfc2baafad5e49a7ec?s=96&d=mm&r=g","caption":"Modef Blog"},"sameAs":["https:\/\/modef.com.tr\/blog"],"url":"https:\/\/modef.com.tr\/blog\/author\/a4nas5iteingeol\/"}]}},"_links":{"self":[{"href":"https:\/\/modef.com.tr\/blog\/wp-json\/wp\/v2\/posts\/3000","targetHints":{"allow":["GET"]}}],"collection":[{"href":"https:\/\/modef.com.tr\/blog\/wp-json\/wp\/v2\/posts"}],"about":[{"href":"https:\/\/modef.com.tr\/blog\/wp-json\/wp\/v2\/types\/post"}],"author":[{"embeddable":true,"href":"https:\/\/modef.com.tr\/blog\/wp-json\/wp\/v2\/users\/1"}],"replies":[{"embeddable":true,"href":"https:\/\/modef.com.tr\/blog\/wp-json\/wp\/v2\/comments?post=3000"}],"version-history":[{"count":1,"href":"https:\/\/modef.com.tr\/blog\/wp-json\/wp\/v2\/posts\/3000\/revisions"}],"predecessor-version":[{"id":3003,"href":"https:\/\/modef.com.tr\/blog\/wp-json\/wp\/v2\/posts\/3000\/revisions\/3003"}],"wp:featuredmedia":[{"embeddable":true,"href":"https:\/\/modef.com.tr\/blog\/wp-json\/wp\/v2\/media\/3002"}],"wp:attachment":[{"href":"https:\/\/modef.com.tr\/blog\/wp-json\/wp\/v2\/media?parent=3000"}],"wp:term":[{"taxonomy":"category","embeddable":true,"href":"https:\/\/modef.com.tr\/blog\/wp-json\/wp\/v2\/categories?post=3000"},{"taxonomy":"post_tag","embeddable":true,"href":"https:\/\/modef.com.tr\/blog\/wp-json\/wp\/v2\/tags?post=3000"}],"curies":[{"name":"wp","href":"https:\/\/api.w.org\/{rel}","templated":true}]}}