{"id":2996,"date":"2026-07-31T15:06:54","date_gmt":"2026-07-31T12:06:54","guid":{"rendered":"https:\/\/modef.com.tr\/blog\/?p=2996"},"modified":"2026-08-20T16:00:16","modified_gmt":"2026-08-20T13:00:16","slug":"mobilya-sektorunde-kisisellestirme-trendi-tuketici-talepleri-uretimi-nasil-donusturuyor","status":"publish","type":"post","link":"https:\/\/modef.com.tr\/blog\/mobilya-sektorunde-kisisellestirme-trendi-tuketici-talepleri-uretimi-nasil-donusturuyor\/","title":{"rendered":"Mobilya Sekt\u00f6r\u00fcnde Ki\u015fiselle\u015ftirme Trendi: T\u00fcketici Talepleri \u00dcretimi Nas\u0131l D\u00f6n\u00fc\u015ft\u00fcr\u00fcyor?"},"content":{"rendered":"<p data-path-to-node=\"5\">Evlerimiz art\u0131k sadece bar\u0131nd\u0131\u011f\u0131m\u0131z mek\u00e2nlar de\u011fil. \u00c7\u00fcnk\u00fc evler, ki\u015fili\u011fimizi ve zevklerimizi yans\u0131tan birer ya\u015fam tuvaline d\u00f6n\u00fc\u015ft\u00fc. \u00d6rne\u011fin, t\u00fcketiciler art\u0131k standart, seri \u00fcretim katalog \u00fcr\u00fcnleriyle yetinmek istemiyor. Evinde kendine ait bir iz arayan modern insan; renginden kuma\u015f\u0131na, \u00f6l\u00e7\u00fcs\u00fcnden mod\u00fcler yap\u0131s\u0131na kadar tamamen kendine \u00f6zel tasarlanan mobilyalara y\u00f6neliyor.<\/p>\n<p data-path-to-node=\"6\">Peki, mobilya sekt\u00f6r\u00fcndeki bu de\u011fi\u015fim dalgas\u0131 \u00fcreticileri nas\u0131l \u015fekillendiriyor? Bu nedenle, ki\u015fiselle\u015ftirme trendinin \u00fcretim hatlar\u0131ndan fuar stantlar\u0131na uzanan d\u00f6n\u00fc\u015f\u00fcm hikayesine yak\u0131ndan bakmal\u0131y\u0131z.<\/p>\n<h3 data-path-to-node=\"8\"><strong>1. Standart \u00dcretimden &#8220;Ki\u015fiye \u00d6zel&#8221; Esnekli\u011fe Ge\u00e7i\u015f<\/strong><\/h3>\n<p data-path-to-node=\"9\">Ge\u00e7mi\u015fte \u00fcreticiler mobilyay\u0131 standart kal\u0131plar ve sabit koleksiyonlar \u00fczerine kuruyordu. Fabrikalar binlerce ayn\u0131 modeli \u00fcretiyordu, \u00e7\u00fcnk\u00fc lojistik maliyetini d\u00fc\u015f\u00fcrmek istiyorlard\u0131 ve \u00e7e\u015fitlili\u011fi az tutuyorlard\u0131. Ancak e-ticaretin ve \u00fcretim teknolojilerinin geli\u015fmesi bu dengeyi tersine \u00e7evirdi.<\/p>\n<p data-path-to-node=\"10\">Art\u0131k t\u00fcketici talepleri do\u011frultusunda bir &#8220;Talep \u00dczerine \u00dcretim&#8221; modeli \u00f6ne \u00e7\u0131k\u0131yor. CNC kesim teknolojileri ve 3D konfig\u00fcrat\u00f6rler sayesinde kullan\u0131c\u0131lar, internet sitelerinden masan\u0131n \u00f6l\u00e7\u00fcs\u00fcn\u00fc veya kuma\u015f dokusunu anl\u0131k belirleyebiliyor. Dolay\u0131s\u0131yla, bu durum fabrikalar\u0131n hatlar\u0131n\u0131 de\u011fi\u015ftirmeden seri \u00fcretim esnekli\u011fi sunmas\u0131n\u0131 zorunlu k\u0131l\u0131yor.<\/p>\n<h3 data-path-to-node=\"12\"><strong>2. T\u00fcketici Ne \u0130stiyor? Beklentilerin Evrimi<\/strong><\/h3>\n<p><img fetchpriority=\"high\" decoding=\"async\" class=\" wp-image-2998 alignright\" src=\"https:\/\/modef.com.tr\/blog\/wp-content\/uploads\/2026\/08\/Gemini_Generated_Image_i68bd1i68bd1i68b-300x164.png\" alt=\"\" width=\"439\" height=\"240\" srcset=\"https:\/\/modef.com.tr\/blog\/wp-content\/uploads\/2026\/08\/Gemini_Generated_Image_i68bd1i68bd1i68b-300x164.png 300w, https:\/\/modef.com.tr\/blog\/wp-content\/uploads\/2026\/08\/Gemini_Generated_Image_i68bd1i68bd1i68b-1024x559.png 1024w, https:\/\/modef.com.tr\/blog\/wp-content\/uploads\/2026\/08\/Gemini_Generated_Image_i68bd1i68bd1i68b-768x419.png 768w, https:\/\/modef.com.tr\/blog\/wp-content\/uploads\/2026\/08\/Gemini_Generated_Image_i68bd1i68bd1i68b-1536x838.png 1536w, https:\/\/modef.com.tr\/blog\/wp-content\/uploads\/2026\/08\/Gemini_Generated_Image_i68bd1i68bd1i68b-2048x1117.png 2048w, https:\/\/modef.com.tr\/blog\/wp-content\/uploads\/2026\/08\/Gemini_Generated_Image_i68bd1i68bd1i68b-600x327.png 600w, https:\/\/modef.com.tr\/blog\/wp-content\/uploads\/2026\/08\/Gemini_Generated_Image_i68bd1i68bd1i68b-750x409.png 750w, https:\/\/modef.com.tr\/blog\/wp-content\/uploads\/2026\/08\/Gemini_Generated_Image_i68bd1i68bd1i68b-1140x622.png 1140w\" sizes=\"(max-width: 439px) 100vw, 439px\" \/><\/p>\n<p data-path-to-node=\"13\">Bug\u00fcn\u00fcn t\u00fcketicisi sadece bir mobilya sat\u0131n alm\u0131yor; tersine bir deneyim sat\u0131n al\u0131yor. Ki\u015fiselle\u015ftirme trendini tetikleyen temel t\u00fcketici talepleri \u015funlard\u0131r:<\/p>\n<ul data-path-to-node=\"14\">\n<li>\n<p data-path-to-node=\"14,0,0\"><b data-path-to-node=\"14,0,0\" data-index-in-node=\"0\">Standartl\u0131\u011fa Kar\u015f\u0131 Duru\u015f:<\/b> \u015eehirle\u015fmeyle k\u00fc\u00e7\u00fclen evler, her milimetrenin ak\u0131ll\u0131ca de\u011ferlendirilmesini gerektiriyor. \u00d6rne\u011fin, t\u00fcketiciler mekan\u0131n \u00f6l\u00e7\u00fclerine tam uyum sa\u011flayan mod\u00fcler \u00e7\u00f6z\u00fcmler talep ediyor.<\/p>\n<\/li>\n<li>\n<p data-path-to-node=\"14,1,0\"><b data-path-to-node=\"14,1,0\" data-index-in-node=\"0\">\u00d6zg\u00fcnl\u00fck Aray\u0131\u015f\u0131:<\/b> Sosyal medyada herkes benzer ev dekorasyonlar\u0131 g\u00f6r\u00fcyor. Bu ba\u011flamda, bu durum insanlar\u0131 benzersiz olma aray\u0131\u015f\u0131na itiyor. Kendi tasarlad\u0131\u011f\u0131 \u00fcr\u00fcn\u00fc kullanmak bir \u00f6z ifade bi\u00e7imi haline geliyor.<\/p>\n<\/li>\n<li>\n<p data-path-to-node=\"14,2,0\"><b data-path-to-node=\"14,2,0\" data-index-in-node=\"0\">Bilin\u00e7li T\u00fcketim:<\/b> &#8220;Al ve at&#8221; d\u00f6ng\u00fcs\u00fcnden s\u0131k\u0131lan t\u00fcketiciler, uzun y\u0131llar zevklerine hitap edecek kaliteli par\u00e7alara yat\u0131r\u0131m yap\u0131yor. B\u00f6ylece, d\u00f6ng\u00fcsel ekonomiye katk\u0131 sa\u011flan\u0131yor.<\/p>\n<\/li>\n<\/ul>\n<h3 data-path-to-node=\"16\"><strong>3. \u00dcreticiler \u0130\u00e7in Yeni S\u0131nav: Ak\u0131ll\u0131 Fabrikalar ve Tedarik Zinciri<\/strong><\/h3>\n<p data-path-to-node=\"17\">T\u00fcketici cephesindeki bu talepler, fabrika zeminindeki operasyonlar\u0131 d\u00f6n\u00fc\u015ft\u00fcr\u00fcyor. Geleneksel hatlar ki\u015fiselle\u015ftirilmi\u015f talepler kar\u015f\u0131s\u0131nda zorlan\u0131rken, \u00fcreticiler rekabet g\u00fcc\u00fcn\u00fc korumak i\u00e7in \u015fu ad\u0131mlar\u0131 at\u0131yor:<\/p>\n<ul data-path-to-node=\"18\">\n<li>\n<p data-path-to-node=\"18,0,0\"><b data-path-to-node=\"18,0,0\" data-index-in-node=\"0\">Ak\u0131ll\u0131 Otomasyon:<\/b> Farkl\u0131 \u00f6l\u00e7\u00fc ve kombinasyonlardaki sipari\u015flerin hatas\u0131z \u00fcretilmesi i\u00e7in \u00fcretim band\u0131 yaz\u0131l\u0131mlarla entegre \u00e7al\u0131\u015f\u0131yor. Ayr\u0131ca lazer kesim cihazlar\u0131, ki\u015fiye \u00f6zel sipari\u015fleri h\u0131zl\u0131ca i\u015fliyor.<\/p>\n<\/li>\n<li>\n<p data-path-to-node=\"18,1,0\"><b data-path-to-node=\"18,1,0\" data-index-in-node=\"0\">H\u0131zl\u0131 Tedarik:<\/b> K\u00fcresel pazarlarda rekabet eden T\u00fcrk <a href=\"https:\/\/modef.com.tr\/blog\/\" target=\"_blank\" rel=\"noopener\">mobilya<\/a> sekt\u00f6r\u00fc, \u00f6zellikle \u0130neg\u00f6l gibi \u00fcslerde bu esnekli\u011fi ba\u015far\u0131yla y\u00f6netiyor. Bununla birlikte, Uzak Do\u011fu&#8217;nun yava\u015f lojistik s\u00fcre\u00e7lerine kar\u015f\u0131n, yerli \u00fcreticiler k\u0131sa vadeli navlun avantaj\u0131yla ki\u015fiselle\u015ftirilmi\u015f \u00fcr\u00fcnleri d\u00fcnyaya h\u0131zla ula\u015ft\u0131r\u0131yor.<\/p>\n<\/li>\n<\/ul>\n<h3 data-path-to-node=\"20\"><strong>4. Trendin Bulu\u015fma Noktas\u0131: Fuarlar ve Vizyoner Tasar\u0131mlar<\/strong><\/h3>\n<p data-path-to-node=\"21\">T\u00fcketici taleplerinin sekt\u00f6r\u00fc d\u00f6n\u00fc\u015ft\u00fcrd\u00fc\u011f\u00fc bu vizyon, uluslararas\u0131 platformlarda hayat buluyor. Sekt\u00f6r\u00fcn kalbinin att\u0131\u011f\u0131 MODEF \u0130neg\u00f6l Mobilya Fuar\u0131 gibi b\u00fcy\u00fck bulu\u015fmalar, \u00fcreticilerin esneklik yeteneklerini ve ki\u015fiselle\u015ftirilebilir tasar\u0131mlar\u0131n\u0131 global al\u0131c\u0131larla bulu\u015fturuyor. Sonu\u00e7 olarak, bu fuarlar sadece bug\u00fcn\u00fcn trendlerini sergilemiyor; ayn\u0131 zamanda esnek mobilya vizyonuna da y\u00f6n veriyor.<\/p>\n<h3 data-path-to-node=\"23\"><strong>Sonu\u00e7: Gelece\u011fin Mobilyas\u0131 &#8220;Ki\u015fiye \u00d6zel&#8221; Yaz\u0131lacak<\/strong><\/h3>\n<p data-path-to-node=\"24\"><a href=\"https:\/\/www.modef.com.tr\/\" target=\"_blank\" rel=\"noopener\">Mobilya sekt\u00f6r\u00fcnde<\/a> ki\u015fiselle\u015ftirme ge\u00e7ici bir heves de\u011fil, kal\u0131c\u0131 bir d\u00f6n\u00fc\u015f\u00fcmd\u00fcr. T\u00fcketicinin &#8220;benim tarz\u0131m&#8221; diyen yakla\u015f\u0131m\u0131, fabrikalardan showroomlara kadar her halkay\u0131 daha yarat\u0131c\u0131 olmaya zorluyor. \u00d6zetle, bu de\u011fi\u015fimi yakalayan ve \u00fcretim hatlar\u0131n\u0131 ak\u0131ll\u0131 teknolojilerle donatan markalar, gelece\u011fin mobilya pazar\u0131nda kazanan taraf olacak.<\/p>\n","protected":false},"excerpt":{"rendered":"<p>Evlerimiz art\u0131k sadece bar\u0131nd\u0131\u011f\u0131m\u0131z mek\u00e2nlar de\u011fil. \u00c7\u00fcnk\u00fc evler, ki\u015fili\u011fimizi ve zevklerimizi yans\u0131tan birer ya\u015fam tuvaline d\u00f6n\u00fc\u015ft\u00fc. \u00d6rne\u011fin, t\u00fcketiciler art\u0131k standart, seri \u00fcretim katalog \u00fcr\u00fcnleriyle yetinmek istemiyor. Evinde kendine ait bir iz arayan modern insan; renginden kuma\u015f\u0131na, \u00f6l\u00e7\u00fcs\u00fcnden mod\u00fcler yap\u0131s\u0131na kadar tamamen kendine \u00f6zel tasarlanan mobilyalara y\u00f6neliyor. Peki, mobilya sekt\u00f6r\u00fcndeki bu de\u011fi\u015fim dalgas\u0131 \u00fcreticileri nas\u0131l \u015fekillendiriyor? [&hellip;]<\/p>\n","protected":false},"author":1,"featured_media":2997,"comment_status":"open","ping_status":"open","sticky":false,"template":"","format":"standard","meta":{"jnews-multi-image_gallery":[],"jnews_single_post":{"subtitle":"","format":"standard","override":[{"template":"1","parallax":"1","fullscreen":"1","layout":"right-sidebar","sidebar":"default-sidebar","second_sidebar":"default-sidebar","sticky_sidebar":"1","share_position":"top","share_float_style":"share-monocrhome","show_share_counter":"1","show_view_counter":"1","show_featured":"1","show_post_meta":"1","show_post_author":"1","show_post_author_image":"1","show_post_date":"1","post_date_format":"default","post_date_format_custom":"Y\/m\/d","show_post_category":"1","show_post_reading_time":"0","post_reading_time_wpm":"300","post_calculate_word_method":"str_word_count","show_zoom_button":"0","zoom_button_out_step":"2","zoom_button_in_step":"3","show_post_tag":"1","show_prev_next_post":"1","show_popup_post":"1","number_popup_post":"1","show_author_box":"1","show_post_related":"1"}],"image_override":[{"single_post_thumbnail_size":"crop-500","single_post_gallery_size":"crop-500"}],"trending_post_position":"meta","trending_post_label":"Trending","sponsored_post_label":"Sponsored by","disable_ad":"0"},"jnews_primary_category":[],"jnews_social_meta":[],"jnews_paywall_metabox":{"paragraph_limit":"2","enable_premium_post":"0","enable_free_post":"0","override_paragraph_limit":"0","enable_preview_post":"0","enable_preview_video":"0"},"jnews_override_counter":{"view_counter_number":"0","share_counter_number":"0","like_counter_number":"0","dislike_counter_number":"0"},"jnews_post_split":{"post_split":[{"template":"1","tag":"h2","numbering":"asc","mode":"normal","first":"0","enable_toc":"0","toc_type":"normal"}]},"footnotes":""},"categories":[504,400,466,494,320,331,503,501,502],"tags":[508,472,362,505,506,468,478,460,507,509],"class_list":["post-2996","post","type-post","status-publish","format-standard","has-post-thumbnail","hentry","category-akilli-fabrikalar","category-cevre-ve-teknoloji","category-dijitallesme","category-fuar-ve-etkinlikler","category-ic-mekan-tasarimi","category-ic-mekan-tasarimlari","category-modef-fuari","category-sektorel-trendler","category-tasarim-uretim","tag-akilli-uretim","tag-endustri-4-0","tag-inegol-mobilyasi","tag-kisisellestirme-trendi","tag-kisiye-ozel-mobilya","tag-mobilya-sektoru","tag-mobilya-tasarimi","tag-modef-fuari","tag-moduler-mobilya","tag-tuketici-talepleri"],"yoast_head":"<!-- This site is optimized with the Yoast SEO plugin v26.9 - https:\/\/yoast.com\/product\/yoast-seo-wordpress\/ -->\n<title>Mobilya Sekt\u00f6r\u00fcnde Ki\u015fiselle\u015ftirme Trendi: T\u00fcketici Talepleri \u00dcretimi Nas\u0131l D\u00f6n\u00fc\u015ft\u00fcr\u00fcyor? - Modef Blog<\/title>\n<meta name=\"description\" content=\"Mobilya sekt\u00f6r\u00fcnde ki\u015fiselle\u015ftirme trendi t\u00fcketici taleplerini nas\u0131l d\u00f6n\u00fc\u015ft\u00fcr\u00fcyor? Ak\u0131ll\u0131 fabrikalar, esnek \u00fcretim ve MODEF vizyonuyla de\u011fi\u015fen sekt\u00f6r\u00fc ke\u015ffedin.\" \/>\n<meta name=\"robots\" content=\"index, follow, max-snippet:-1, max-image-preview:large, max-video-preview:-1\" \/>\n<link rel=\"canonical\" href=\"https:\/\/modef.com.tr\/blog\/mobilya-sektorunde-kisisellestirme-trendi-tuketici-talepleri-uretimi-nasil-donusturuyor\/\" \/>\n<meta property=\"og:locale\" content=\"tr_TR\" \/>\n<meta property=\"og:type\" content=\"article\" \/>\n<meta property=\"og:title\" content=\"Mobilya Sekt\u00f6r\u00fcnde Ki\u015fiselle\u015ftirme Trendi: T\u00fcketici Talepleri \u00dcretimi Nas\u0131l D\u00f6n\u00fc\u015ft\u00fcr\u00fcyor? - Modef Blog\" \/>\n<meta property=\"og:description\" content=\"Mobilya sekt\u00f6r\u00fcnde ki\u015fiselle\u015ftirme trendi t\u00fcketici taleplerini nas\u0131l d\u00f6n\u00fc\u015ft\u00fcr\u00fcyor? Ak\u0131ll\u0131 fabrikalar, esnek \u00fcretim ve MODEF vizyonuyla de\u011fi\u015fen sekt\u00f6r\u00fc ke\u015ffedin.\" \/>\n<meta property=\"og:url\" content=\"https:\/\/modef.com.tr\/blog\/mobilya-sektorunde-kisisellestirme-trendi-tuketici-talepleri-uretimi-nasil-donusturuyor\/\" \/>\n<meta property=\"og:site_name\" content=\"Modef Blog\" \/>\n<meta property=\"article:published_time\" content=\"2026-07-31T12:06:54+00:00\" \/>\n<meta property=\"article:modified_time\" content=\"2026-08-20T13:00:16+00:00\" \/>\n<meta property=\"og:image\" content=\"https:\/\/modef.com.tr\/blog\/wp-content\/uploads\/2026\/08\/Gemini_Generated_Image_c9xpnbc9xpnbc9xp-1024x559.png\" \/>\n\t<meta property=\"og:image:width\" content=\"1024\" \/>\n\t<meta property=\"og:image:height\" content=\"559\" \/>\n\t<meta property=\"og:image:type\" content=\"image\/png\" \/>\n<meta name=\"author\" content=\"Modef Blog\" \/>\n<meta name=\"twitter:card\" content=\"summary_large_image\" \/>\n<meta name=\"twitter:label1\" content=\"Yazan:\" \/>\n\t<meta name=\"twitter:data1\" content=\"Modef Blog\" \/>\n\t<meta name=\"twitter:label2\" content=\"Tahmini okuma s\u00fcresi\" \/>\n\t<meta name=\"twitter:data2\" content=\"4 dakika\" \/>\n<script type=\"application\/ld+json\" class=\"yoast-schema-graph\">{\"@context\":\"https:\/\/schema.org\",\"@graph\":[{\"@type\":\"Article\",\"@id\":\"https:\/\/modef.com.tr\/blog\/mobilya-sektorunde-kisisellestirme-trendi-tuketici-talepleri-uretimi-nasil-donusturuyor\/#article\",\"isPartOf\":{\"@id\":\"https:\/\/modef.com.tr\/blog\/mobilya-sektorunde-kisisellestirme-trendi-tuketici-talepleri-uretimi-nasil-donusturuyor\/\"},\"author\":{\"name\":\"Modef Blog\",\"@id\":\"https:\/\/modef.com.tr\/blog\/#\/schema\/person\/7e314966d0a42821c423252bfb9ba693\"},\"headline\":\"Mobilya Sekt\u00f6r\u00fcnde Ki\u015fiselle\u015ftirme Trendi: T\u00fcketici Talepleri \u00dcretimi Nas\u0131l D\u00f6n\u00fc\u015ft\u00fcr\u00fcyor?\",\"datePublished\":\"2026-07-31T12:06:54+00:00\",\"dateModified\":\"2026-08-20T13:00:16+00:00\",\"mainEntityOfPage\":{\"@id\":\"https:\/\/modef.com.tr\/blog\/mobilya-sektorunde-kisisellestirme-trendi-tuketici-talepleri-uretimi-nasil-donusturuyor\/\"},\"wordCount\":672,\"commentCount\":0,\"image\":{\"@id\":\"https:\/\/modef.com.tr\/blog\/mobilya-sektorunde-kisisellestirme-trendi-tuketici-talepleri-uretimi-nasil-donusturuyor\/#primaryimage\"},\"thumbnailUrl\":\"https:\/\/modef.com.tr\/blog\/wp-content\/uploads\/2026\/08\/Gemini_Generated_Image_c9xpnbc9xpnbc9xp-scaled.png\",\"keywords\":[\"ak\u0131ll\u0131 \u00fcretim\",\"end\u00fcstri 4.0\",\"\u0130neg\u00f6l mobilyas\u0131\",\"ki\u015fiselle\u015ftirme trendi\",\"ki\u015fiye \u00f6zel mobilya\",\"mobilya sekt\u00f6r\u00fc\",\"mobilya tasar\u0131m\u0131\",\"Modef fuar\u0131\",\"mod\u00fcler mobilya\",\"t\u00fcketici talepleri\"],\"articleSection\":[\"Ak\u0131ll\u0131 Fabrikalar\",\"\u00c7evre ve Teknoloji\",\"Dijitalle\u015fme\",\"Fuar ve Etkinlikler\",\"\u0130\u00e7 Mekan Tasar\u0131m\u0131\",\"\u0130\u00e7 Mekan Tasar\u0131mlar\u0131\",\"MODEF Fuar\u0131\",\"Sekt\u00f6rel Trendler\",\"Tasar\u0131m &amp; \u00dcretim\"],\"inLanguage\":\"tr\",\"potentialAction\":[{\"@type\":\"CommentAction\",\"name\":\"Comment\",\"target\":[\"https:\/\/modef.com.tr\/blog\/mobilya-sektorunde-kisisellestirme-trendi-tuketici-talepleri-uretimi-nasil-donusturuyor\/#respond\"]}]},{\"@type\":\"WebPage\",\"@id\":\"https:\/\/modef.com.tr\/blog\/mobilya-sektorunde-kisisellestirme-trendi-tuketici-talepleri-uretimi-nasil-donusturuyor\/\",\"url\":\"https:\/\/modef.com.tr\/blog\/mobilya-sektorunde-kisisellestirme-trendi-tuketici-talepleri-uretimi-nasil-donusturuyor\/\",\"name\":\"Mobilya Sekt\u00f6r\u00fcnde Ki\u015fiselle\u015ftirme Trendi: T\u00fcketici Talepleri \u00dcretimi Nas\u0131l D\u00f6n\u00fc\u015ft\u00fcr\u00fcyor? - Modef Blog\",\"isPartOf\":{\"@id\":\"https:\/\/modef.com.tr\/blog\/#website\"},\"primaryImageOfPage\":{\"@id\":\"https:\/\/modef.com.tr\/blog\/mobilya-sektorunde-kisisellestirme-trendi-tuketici-talepleri-uretimi-nasil-donusturuyor\/#primaryimage\"},\"image\":{\"@id\":\"https:\/\/modef.com.tr\/blog\/mobilya-sektorunde-kisisellestirme-trendi-tuketici-talepleri-uretimi-nasil-donusturuyor\/#primaryimage\"},\"thumbnailUrl\":\"https:\/\/modef.com.tr\/blog\/wp-content\/uploads\/2026\/08\/Gemini_Generated_Image_c9xpnbc9xpnbc9xp-scaled.png\",\"datePublished\":\"2026-07-31T12:06:54+00:00\",\"dateModified\":\"2026-08-20T13:00:16+00:00\",\"author\":{\"@id\":\"https:\/\/modef.com.tr\/blog\/#\/schema\/person\/7e314966d0a42821c423252bfb9ba693\"},\"description\":\"Mobilya sekt\u00f6r\u00fcnde ki\u015fiselle\u015ftirme trendi t\u00fcketici taleplerini nas\u0131l d\u00f6n\u00fc\u015ft\u00fcr\u00fcyor? Ak\u0131ll\u0131 fabrikalar, esnek \u00fcretim ve MODEF vizyonuyla de\u011fi\u015fen sekt\u00f6r\u00fc ke\u015ffedin.\",\"breadcrumb\":{\"@id\":\"https:\/\/modef.com.tr\/blog\/mobilya-sektorunde-kisisellestirme-trendi-tuketici-talepleri-uretimi-nasil-donusturuyor\/#breadcrumb\"},\"inLanguage\":\"tr\",\"potentialAction\":[{\"@type\":\"ReadAction\",\"target\":[\"https:\/\/modef.com.tr\/blog\/mobilya-sektorunde-kisisellestirme-trendi-tuketici-talepleri-uretimi-nasil-donusturuyor\/\"]}]},{\"@type\":\"ImageObject\",\"inLanguage\":\"tr\",\"@id\":\"https:\/\/modef.com.tr\/blog\/mobilya-sektorunde-kisisellestirme-trendi-tuketici-talepleri-uretimi-nasil-donusturuyor\/#primaryimage\",\"url\":\"https:\/\/modef.com.tr\/blog\/wp-content\/uploads\/2026\/08\/Gemini_Generated_Image_c9xpnbc9xpnbc9xp-scaled.png\",\"contentUrl\":\"https:\/\/modef.com.tr\/blog\/wp-content\/uploads\/2026\/08\/Gemini_Generated_Image_c9xpnbc9xpnbc9xp-scaled.png\",\"width\":2560,\"height\":1396},{\"@type\":\"BreadcrumbList\",\"@id\":\"https:\/\/modef.com.tr\/blog\/mobilya-sektorunde-kisisellestirme-trendi-tuketici-talepleri-uretimi-nasil-donusturuyor\/#breadcrumb\",\"itemListElement\":[{\"@type\":\"ListItem\",\"position\":1,\"name\":\"Anasayfa\",\"item\":\"https:\/\/modef.com.tr\/blog\/\"},{\"@type\":\"ListItem\",\"position\":2,\"name\":\"Mobilya Sekt\u00f6r\u00fcnde Ki\u015fiselle\u015ftirme Trendi: T\u00fcketici Talepleri \u00dcretimi Nas\u0131l D\u00f6n\u00fc\u015ft\u00fcr\u00fcyor?\"}]},{\"@type\":\"WebSite\",\"@id\":\"https:\/\/modef.com.tr\/blog\/#website\",\"url\":\"https:\/\/modef.com.tr\/blog\/\",\"name\":\"Modef Blog\",\"description\":\"\u0130neg\u00f6l Mobilya Fuar\u0131 \",\"potentialAction\":[{\"@type\":\"SearchAction\",\"target\":{\"@type\":\"EntryPoint\",\"urlTemplate\":\"https:\/\/modef.com.tr\/blog\/?s={search_term_string}\"},\"query-input\":{\"@type\":\"PropertyValueSpecification\",\"valueRequired\":true,\"valueName\":\"search_term_string\"}}],\"inLanguage\":\"tr\"},{\"@type\":\"Person\",\"@id\":\"https:\/\/modef.com.tr\/blog\/#\/schema\/person\/7e314966d0a42821c423252bfb9ba693\",\"name\":\"Modef Blog\",\"image\":{\"@type\":\"ImageObject\",\"inLanguage\":\"tr\",\"@id\":\"https:\/\/modef.com.tr\/blog\/#\/schema\/person\/image\/\",\"url\":\"https:\/\/secure.gravatar.com\/avatar\/c95b3f7dbc491bcc3d5e547b5886751e4ee0d2d9f5049cbfc2baafad5e49a7ec?s=96&d=mm&r=g\",\"contentUrl\":\"https:\/\/secure.gravatar.com\/avatar\/c95b3f7dbc491bcc3d5e547b5886751e4ee0d2d9f5049cbfc2baafad5e49a7ec?s=96&d=mm&r=g\",\"caption\":\"Modef Blog\"},\"sameAs\":[\"https:\/\/modef.com.tr\/blog\"],\"url\":\"https:\/\/modef.com.tr\/blog\/author\/a4nas5iteingeol\/\"}]}<\/script>\n<!-- \/ Yoast SEO plugin. -->","yoast_head_json":{"title":"Mobilya Sekt\u00f6r\u00fcnde Ki\u015fiselle\u015ftirme Trendi: T\u00fcketici Talepleri \u00dcretimi Nas\u0131l D\u00f6n\u00fc\u015ft\u00fcr\u00fcyor? - Modef Blog","description":"Mobilya sekt\u00f6r\u00fcnde ki\u015fiselle\u015ftirme trendi t\u00fcketici taleplerini nas\u0131l d\u00f6n\u00fc\u015ft\u00fcr\u00fcyor? Ak\u0131ll\u0131 fabrikalar, esnek \u00fcretim ve MODEF vizyonuyla de\u011fi\u015fen sekt\u00f6r\u00fc ke\u015ffedin.","robots":{"index":"index","follow":"follow","max-snippet":"max-snippet:-1","max-image-preview":"max-image-preview:large","max-video-preview":"max-video-preview:-1"},"canonical":"https:\/\/modef.com.tr\/blog\/mobilya-sektorunde-kisisellestirme-trendi-tuketici-talepleri-uretimi-nasil-donusturuyor\/","og_locale":"tr_TR","og_type":"article","og_title":"Mobilya Sekt\u00f6r\u00fcnde Ki\u015fiselle\u015ftirme Trendi: T\u00fcketici Talepleri \u00dcretimi Nas\u0131l D\u00f6n\u00fc\u015ft\u00fcr\u00fcyor? - Modef Blog","og_description":"Mobilya sekt\u00f6r\u00fcnde ki\u015fiselle\u015ftirme trendi t\u00fcketici taleplerini nas\u0131l d\u00f6n\u00fc\u015ft\u00fcr\u00fcyor? Ak\u0131ll\u0131 fabrikalar, esnek \u00fcretim ve MODEF vizyonuyla de\u011fi\u015fen sekt\u00f6r\u00fc ke\u015ffedin.","og_url":"https:\/\/modef.com.tr\/blog\/mobilya-sektorunde-kisisellestirme-trendi-tuketici-talepleri-uretimi-nasil-donusturuyor\/","og_site_name":"Modef Blog","article_published_time":"2026-07-31T12:06:54+00:00","article_modified_time":"2026-08-20T13:00:16+00:00","og_image":[{"width":1024,"height":559,"url":"https:\/\/modef.com.tr\/blog\/wp-content\/uploads\/2026\/08\/Gemini_Generated_Image_c9xpnbc9xpnbc9xp-1024x559.png","type":"image\/png"}],"author":"Modef Blog","twitter_card":"summary_large_image","twitter_misc":{"Yazan:":"Modef Blog","Tahmini okuma s\u00fcresi":"4 dakika"},"schema":{"@context":"https:\/\/schema.org","@graph":[{"@type":"Article","@id":"https:\/\/modef.com.tr\/blog\/mobilya-sektorunde-kisisellestirme-trendi-tuketici-talepleri-uretimi-nasil-donusturuyor\/#article","isPartOf":{"@id":"https:\/\/modef.com.tr\/blog\/mobilya-sektorunde-kisisellestirme-trendi-tuketici-talepleri-uretimi-nasil-donusturuyor\/"},"author":{"name":"Modef Blog","@id":"https:\/\/modef.com.tr\/blog\/#\/schema\/person\/7e314966d0a42821c423252bfb9ba693"},"headline":"Mobilya Sekt\u00f6r\u00fcnde Ki\u015fiselle\u015ftirme Trendi: T\u00fcketici Talepleri \u00dcretimi Nas\u0131l D\u00f6n\u00fc\u015ft\u00fcr\u00fcyor?","datePublished":"2026-07-31T12:06:54+00:00","dateModified":"2026-08-20T13:00:16+00:00","mainEntityOfPage":{"@id":"https:\/\/modef.com.tr\/blog\/mobilya-sektorunde-kisisellestirme-trendi-tuketici-talepleri-uretimi-nasil-donusturuyor\/"},"wordCount":672,"commentCount":0,"image":{"@id":"https:\/\/modef.com.tr\/blog\/mobilya-sektorunde-kisisellestirme-trendi-tuketici-talepleri-uretimi-nasil-donusturuyor\/#primaryimage"},"thumbnailUrl":"https:\/\/modef.com.tr\/blog\/wp-content\/uploads\/2026\/08\/Gemini_Generated_Image_c9xpnbc9xpnbc9xp-scaled.png","keywords":["ak\u0131ll\u0131 \u00fcretim","end\u00fcstri 4.0","\u0130neg\u00f6l mobilyas\u0131","ki\u015fiselle\u015ftirme trendi","ki\u015fiye \u00f6zel mobilya","mobilya sekt\u00f6r\u00fc","mobilya tasar\u0131m\u0131","Modef fuar\u0131","mod\u00fcler mobilya","t\u00fcketici talepleri"],"articleSection":["Ak\u0131ll\u0131 Fabrikalar","\u00c7evre ve Teknoloji","Dijitalle\u015fme","Fuar ve Etkinlikler","\u0130\u00e7 Mekan Tasar\u0131m\u0131","\u0130\u00e7 Mekan Tasar\u0131mlar\u0131","MODEF Fuar\u0131","Sekt\u00f6rel Trendler","Tasar\u0131m &amp; \u00dcretim"],"inLanguage":"tr","potentialAction":[{"@type":"CommentAction","name":"Comment","target":["https:\/\/modef.com.tr\/blog\/mobilya-sektorunde-kisisellestirme-trendi-tuketici-talepleri-uretimi-nasil-donusturuyor\/#respond"]}]},{"@type":"WebPage","@id":"https:\/\/modef.com.tr\/blog\/mobilya-sektorunde-kisisellestirme-trendi-tuketici-talepleri-uretimi-nasil-donusturuyor\/","url":"https:\/\/modef.com.tr\/blog\/mobilya-sektorunde-kisisellestirme-trendi-tuketici-talepleri-uretimi-nasil-donusturuyor\/","name":"Mobilya Sekt\u00f6r\u00fcnde Ki\u015fiselle\u015ftirme Trendi: T\u00fcketici Talepleri \u00dcretimi Nas\u0131l D\u00f6n\u00fc\u015ft\u00fcr\u00fcyor? - Modef Blog","isPartOf":{"@id":"https:\/\/modef.com.tr\/blog\/#website"},"primaryImageOfPage":{"@id":"https:\/\/modef.com.tr\/blog\/mobilya-sektorunde-kisisellestirme-trendi-tuketici-talepleri-uretimi-nasil-donusturuyor\/#primaryimage"},"image":{"@id":"https:\/\/modef.com.tr\/blog\/mobilya-sektorunde-kisisellestirme-trendi-tuketici-talepleri-uretimi-nasil-donusturuyor\/#primaryimage"},"thumbnailUrl":"https:\/\/modef.com.tr\/blog\/wp-content\/uploads\/2026\/08\/Gemini_Generated_Image_c9xpnbc9xpnbc9xp-scaled.png","datePublished":"2026-07-31T12:06:54+00:00","dateModified":"2026-08-20T13:00:16+00:00","author":{"@id":"https:\/\/modef.com.tr\/blog\/#\/schema\/person\/7e314966d0a42821c423252bfb9ba693"},"description":"Mobilya sekt\u00f6r\u00fcnde ki\u015fiselle\u015ftirme trendi t\u00fcketici taleplerini nas\u0131l d\u00f6n\u00fc\u015ft\u00fcr\u00fcyor? Ak\u0131ll\u0131 fabrikalar, esnek \u00fcretim ve MODEF vizyonuyla de\u011fi\u015fen sekt\u00f6r\u00fc ke\u015ffedin.","breadcrumb":{"@id":"https:\/\/modef.com.tr\/blog\/mobilya-sektorunde-kisisellestirme-trendi-tuketici-talepleri-uretimi-nasil-donusturuyor\/#breadcrumb"},"inLanguage":"tr","potentialAction":[{"@type":"ReadAction","target":["https:\/\/modef.com.tr\/blog\/mobilya-sektorunde-kisisellestirme-trendi-tuketici-talepleri-uretimi-nasil-donusturuyor\/"]}]},{"@type":"ImageObject","inLanguage":"tr","@id":"https:\/\/modef.com.tr\/blog\/mobilya-sektorunde-kisisellestirme-trendi-tuketici-talepleri-uretimi-nasil-donusturuyor\/#primaryimage","url":"https:\/\/modef.com.tr\/blog\/wp-content\/uploads\/2026\/08\/Gemini_Generated_Image_c9xpnbc9xpnbc9xp-scaled.png","contentUrl":"https:\/\/modef.com.tr\/blog\/wp-content\/uploads\/2026\/08\/Gemini_Generated_Image_c9xpnbc9xpnbc9xp-scaled.png","width":2560,"height":1396},{"@type":"BreadcrumbList","@id":"https:\/\/modef.com.tr\/blog\/mobilya-sektorunde-kisisellestirme-trendi-tuketici-talepleri-uretimi-nasil-donusturuyor\/#breadcrumb","itemListElement":[{"@type":"ListItem","position":1,"name":"Anasayfa","item":"https:\/\/modef.com.tr\/blog\/"},{"@type":"ListItem","position":2,"name":"Mobilya Sekt\u00f6r\u00fcnde Ki\u015fiselle\u015ftirme Trendi: T\u00fcketici Talepleri \u00dcretimi Nas\u0131l D\u00f6n\u00fc\u015ft\u00fcr\u00fcyor?"}]},{"@type":"WebSite","@id":"https:\/\/modef.com.tr\/blog\/#website","url":"https:\/\/modef.com.tr\/blog\/","name":"Modef Blog","description":"\u0130neg\u00f6l Mobilya Fuar\u0131 ","potentialAction":[{"@type":"SearchAction","target":{"@type":"EntryPoint","urlTemplate":"https:\/\/modef.com.tr\/blog\/?s={search_term_string}"},"query-input":{"@type":"PropertyValueSpecification","valueRequired":true,"valueName":"search_term_string"}}],"inLanguage":"tr"},{"@type":"Person","@id":"https:\/\/modef.com.tr\/blog\/#\/schema\/person\/7e314966d0a42821c423252bfb9ba693","name":"Modef Blog","image":{"@type":"ImageObject","inLanguage":"tr","@id":"https:\/\/modef.com.tr\/blog\/#\/schema\/person\/image\/","url":"https:\/\/secure.gravatar.com\/avatar\/c95b3f7dbc491bcc3d5e547b5886751e4ee0d2d9f5049cbfc2baafad5e49a7ec?s=96&d=mm&r=g","contentUrl":"https:\/\/secure.gravatar.com\/avatar\/c95b3f7dbc491bcc3d5e547b5886751e4ee0d2d9f5049cbfc2baafad5e49a7ec?s=96&d=mm&r=g","caption":"Modef Blog"},"sameAs":["https:\/\/modef.com.tr\/blog"],"url":"https:\/\/modef.com.tr\/blog\/author\/a4nas5iteingeol\/"}]}},"_links":{"self":[{"href":"https:\/\/modef.com.tr\/blog\/wp-json\/wp\/v2\/posts\/2996","targetHints":{"allow":["GET"]}}],"collection":[{"href":"https:\/\/modef.com.tr\/blog\/wp-json\/wp\/v2\/posts"}],"about":[{"href":"https:\/\/modef.com.tr\/blog\/wp-json\/wp\/v2\/types\/post"}],"author":[{"embeddable":true,"href":"https:\/\/modef.com.tr\/blog\/wp-json\/wp\/v2\/users\/1"}],"replies":[{"embeddable":true,"href":"https:\/\/modef.com.tr\/blog\/wp-json\/wp\/v2\/comments?post=2996"}],"version-history":[{"count":2,"href":"https:\/\/modef.com.tr\/blog\/wp-json\/wp\/v2\/posts\/2996\/revisions"}],"predecessor-version":[{"id":3014,"href":"https:\/\/modef.com.tr\/blog\/wp-json\/wp\/v2\/posts\/2996\/revisions\/3014"}],"wp:featuredmedia":[{"embeddable":true,"href":"https:\/\/modef.com.tr\/blog\/wp-json\/wp\/v2\/media\/2997"}],"wp:attachment":[{"href":"https:\/\/modef.com.tr\/blog\/wp-json\/wp\/v2\/media?parent=2996"}],"wp:term":[{"taxonomy":"category","embeddable":true,"href":"https:\/\/modef.com.tr\/blog\/wp-json\/wp\/v2\/categories?post=2996"},{"taxonomy":"post_tag","embeddable":true,"href":"https:\/\/modef.com.tr\/blog\/wp-json\/wp\/v2\/tags?post=2996"}],"curies":[{"name":"wp","href":"https:\/\/api.w.org\/{rel}","templated":true}]}}