{"id":2914,"date":"2026-05-15T17:40:29","date_gmt":"2026-05-15T14:40:29","guid":{"rendered":"https:\/\/modef.com.tr\/blog\/?p=2914"},"modified":"2026-08-20T17:34:04","modified_gmt":"2026-08-20T14:34:04","slug":"surdurulebilir-mobilya-nedir-uretimden-tuketime-yeni-yaklasimlar","status":"publish","type":"post","link":"https:\/\/modef.com.tr\/blog\/surdurulebilir-mobilya-nedir-uretimden-tuketime-yeni-yaklasimlar\/","title":{"rendered":"S\u00fcrd\u00fcr\u00fclebilir Mobilya Nedir? \u00dcretimden T\u00fcketime Yeni Yakla\u015f\u0131mlar"},"content":{"rendered":"<p data-path-to-node=\"4\">Evimiz, ki\u015fili\u011fimizin ve de\u011ferlerimizin en \u00f6nemli yans\u0131mas\u0131d\u0131r. G\u00fcn\u00fcm\u00fczde bu de\u011ferlerin en ba\u015f\u0131nda ise art\u0131k s\u00fcrd\u00fcr\u00fclebilirlik geliyor. Peki, son y\u0131llarda ad\u0131n\u0131 s\u0131k\u00e7a duydu\u011fumuz s\u00fcrd\u00fcr\u00fclebilir mobilya tam olarak nedir? Sadece ah\u015fap kullanarak mobilya \u00fcretmek o \u00fcr\u00fcn\u00fc \u00e7evreci yapar m\u0131, yoksa bu s\u00fcre\u00e7 \u00e7ok daha m\u0131 derin?<\/p>\n<p data-path-to-node=\"5\">Bu yaz\u0131m\u0131zda, ham maddeden evimizdeki son haline kadar mobilyan\u0131n yolculu\u011funu inceliyoruz. Ayr\u0131ca 2026 mobilya trendlerini belirleyen yeni yakla\u015f\u0131mlar\u0131 mercek alt\u0131na al\u0131yoruz.<\/p>\n<h3 data-path-to-node=\"6\">S\u00fcrd\u00fcr\u00fclebilir Mobilya Nedir?<\/h3>\n<p data-path-to-node=\"7\">S\u00fcrd\u00fcr\u00fclebilir mobilya; \u00fcretim s\u00fcrecinden lojisti\u011fine kadar her a\u015famada \u00e7evresel etkileri en aza indiren \u00fcr\u00fcnleri temsil eder. Bir mobilyan\u0131n bu etiketi hak etmesi i\u00e7in markalar \u015fu kriterleri kar\u015f\u0131lamal\u0131d\u0131r:<\/p>\n<ul data-path-to-node=\"8\">\n<li>\n<p data-path-to-node=\"8,0,0\"><b data-path-to-node=\"8,0,0\" data-index-in-node=\"0\">Ekosisteme Sayg\u0131:<\/b> \u00dcreticiler, ah\u015fap gibi ham maddeleri mutlaka t\u00fckenmeyen kaynaklardan tedarik etmelidir.<\/p>\n<\/li>\n<li>\n<p data-path-to-node=\"8,1,0\"><b data-path-to-node=\"8,1,0\" data-index-in-node=\"0\">Toksik Olmayan \u0130\u00e7erik:<\/b> Tasar\u0131mc\u0131lar, su bazl\u0131 cilalar ve d\u00fc\u015f\u00fck emisyonlu (Low-VOC) yap\u0131\u015ft\u0131r\u0131c\u0131lar kullanmaya \u00f6ncelik vermelidir.<\/p>\n<\/li>\n<li>\n<p data-path-to-node=\"8,2,0\"><b data-path-to-node=\"8,2,0\" data-index-in-node=\"0\">Dayan\u0131kl\u0131l\u0131k:<\/b> \u00c7evreci tasar\u0131m, &#8220;al ve at&#8221; k\u00fclt\u00fcr\u00fcne kar\u015f\u0131 nesiller boyu s\u00fcrecek bir sa\u011flaml\u0131k sunar.<\/p>\n<\/li>\n<li>\n<p data-path-to-node=\"8,3,0\"><b data-path-to-node=\"8,3,0\" data-index-in-node=\"0\">Etik \u00dcretim:<\/b> Markalar, \u00fcretim a\u015famas\u0131nda hem adil i\u015f g\u00fcc\u00fc sa\u011flamal\u0131 hem de enerji verimlili\u011fini y\u00fcksek tutmal\u0131d\u0131r.<\/p>\n<\/li>\n<\/ul>\n<h3 data-path-to-node=\"9\">\u00dcretimde Yeni Yakla\u015f\u0131mlar: 2026 ve \u00d6tesi<\/h3>\n<p data-path-to-node=\"10\">Mobilya sekt\u00f6r\u00fc, teknoloji ve do\u011fay\u0131 harmanlayarak \u00fcretim bi\u00e7imlerini k\u00f6kten de\u011fi\u015ftiriyor. \u00c7\u00fcnk\u00fc art\u0131k modern d\u00fcnya, s\u0131n\u0131rl\u0131 kaynaklar\u0131 korumay\u0131 zorunlu k\u0131l\u0131yor. \u0130\u015fte \u00f6ne \u00e7\u0131kan baz\u0131 yeni yakla\u015f\u0131mlar:<\/p>\n<p data-path-to-node=\"11\"><b data-path-to-node=\"11\" data-index-in-node=\"0\">1. D\u00f6ng\u00fcsel Tasar\u0131m (Circular Design)<\/b> Tasar\u0131mc\u0131lar art\u0131k mobilyalar\u0131, \u00f6m\u00fcrlerini tamamlad\u0131klar\u0131nda \u00e7\u00f6p olmayacak \u015fekilde kurguluyor. \u00d6rne\u011fin, mod\u00fcler yap\u0131lar sayesinde kullan\u0131c\u0131lar bozulan bir par\u00e7ay\u0131 kolayca de\u011fi\u015ftiriyor. B\u00f6ylece t\u00fcketiciler mobilyay\u0131 \u00e7\u00f6pe atmak yerine ona farkl\u0131 bir i\u015flev kazand\u0131r\u0131yor.<\/p>\n<p data-path-to-node=\"12\"><b data-path-to-node=\"12\" data-index-in-node=\"0\">2. Sertifikal\u0131 ve Yenilik\u00e7i Malzemeler<\/b> Sekt\u00f6rde sadece FSC (S\u00fcrd\u00fcr\u00fclebilir Orman Y\u00f6netimi) sertifikal\u0131 ah\u015faplar de\u011fil; mantar derisi ve deniz yosunu kompozitleri de \u00f6ne \u00e7\u0131k\u0131yor. Buna ek olarak, bambu gibi h\u0131zl\u0131 b\u00fcy\u00fcyen bitkiler &#8220;ye\u015fil alt\u0131n&#8221; stat\u00fcs\u00fcyle sekt\u00f6rdeki yerini sa\u011flamla\u015ft\u0131r\u0131yor.<\/p>\n<p data-path-to-node=\"13\"><b data-path-to-node=\"13\" data-index-in-node=\"0\">3. Karbon Ayak \u0130zini K\u00fc\u00e7\u00fclten Yerel \u00dcretim<\/b> Global markalar, lojistik kaynakl\u0131 karbon emisyonunu d\u00fc\u015f\u00fcrmek i\u00e7in yerel at\u00f6lye modellerine ge\u00e7iyor. Sonu\u00e7 olarak, markalar\u0131n \u00fcretim tesislerini do\u011frudan t\u00fcketiciye yak\u0131n noktalara kurmas\u0131 \u00e7evreye b\u00fcy\u00fck fayda sa\u011fl\u0131yor.<\/p>\n<h3 data-path-to-node=\"14\">T\u00fcketimde Bilin\u00e7li Ad\u0131mlar: Neye Dikkat Etmelisiniz?<\/h3>\n<p data-path-to-node=\"15\">Bir t\u00fcketici olarak \u00e7evre dostu bir dekorasyon kurgulamak istiyorsan\u0131z \u015fu sorular\u0131 sorman\u0131z kritik \u00f6nem ta\u015f\u0131yor:<\/p>\n<ul data-path-to-node=\"16\">\n<li>\n<p data-path-to-node=\"16,0,0\"><b data-path-to-node=\"16,0,0\" data-index-in-node=\"0\">Malzeme Kayna\u011f\u0131 Nedir?<\/b> \u00dcr\u00fcn masif ah\u015fap m\u0131, yoksa yo\u011fun kimyasal i\u00e7eren bir kompozit mi?<\/p>\n<\/li>\n<li>\n<p data-path-to-node=\"16,1,0\"><b data-path-to-node=\"16,1,0\" data-index-in-node=\"0\">Sertifikas\u0131 Var m\u0131?<\/b> Mutlaka FSC veya OEKO-TEX gibi uluslararas\u0131 ge\u00e7erlili\u011fi olan belgeleri isteyin.<\/p>\n<\/li>\n<li>\n<p data-path-to-node=\"16,2,0\"><b data-path-to-node=\"16,2,0\" data-index-in-node=\"0\">Zamans\u0131z m\u0131?<\/b> Se\u00e7ti\u011finiz par\u00e7a sadece bug\u00fcn\u00fcn trendine mi hizmet ediyor, yoksa 10 y\u0131l sonra da estetik de\u011ferini koruyacak m\u0131?<\/p>\n<\/li>\n<\/ul>\n<h3 data-path-to-node=\"17\">Neden S\u00fcrd\u00fcr\u00fclebilir Mobilya Se\u00e7melisiniz?<\/h3>\n<ul data-path-to-node=\"18\">\n<li>\n<p data-path-to-node=\"18,0,0\"><b data-path-to-node=\"18,0,0\" data-index-in-node=\"0\">Sa\u011fl\u0131kl\u0131 Ya\u015fam Alanlar\u0131:<\/b> Kimyasal gaz yaymayan mobilyalar se\u00e7ti\u011finizde i\u00e7 mekan hava kalitesini art\u0131r\u0131rs\u0131n\u0131z.<\/p>\n<\/li>\n<li>\n<p data-path-to-node=\"18,1,0\"><b data-path-to-node=\"18,1,0\" data-index-in-node=\"0\">Uzun Vadeli Tasarruf:<\/b> Ba\u015fta daha maliyetli g\u00f6r\u00fcnse de kaliteli bir \u00fcr\u00fcn sizi s\u00fcrekli yeni harcama yapmaktan kurtar\u0131r.<\/p>\n<\/li>\n<li>\n<p data-path-to-node=\"18,2,0\"><b data-path-to-node=\"18,2,0\" data-index-in-node=\"0\">Gelece\u011fe Yat\u0131r\u0131m:<\/b> Tercih etti\u011finiz her \u00e7evreci \u00fcr\u00fcnle do\u011fal kaynaklar\u0131 korumaya do\u011frudan destek verirsiniz.<\/p>\n<\/li>\n<\/ul>\n<h3 data-path-to-node=\"19\">Sonu\u00e7: Gelece\u011fi Evinizde Tasarlay\u0131n<\/h3>\n<p data-path-to-node=\"20\">\u00c7evre dostu mobilya, sadece bir dekorasyon ak\u0131m\u0131 de\u011fil; d\u00fcnyam\u0131za kar\u015f\u0131 duydu\u011fumuz sorumlulu\u011fun bir par\u00e7as\u0131d\u0131r. \u00dcstelik 2026 y\u0131l\u0131nda tasar\u0131m d\u00fcnyas\u0131 l\u00fcks kavram\u0131n\u0131 art\u0131k g\u00f6steri\u015fle de\u011fil, etik de\u011ferlerle tan\u0131ml\u0131yor. Siz de evinizde yapaca\u011f\u0131n\u0131z bilin\u00e7li se\u00e7imlerle bu b\u00fcy\u00fck d\u00f6n\u00fc\u015f\u00fcm\u00fcn bir par\u00e7as\u0131 olabilirsiniz.<\/p>\n<blockquote data-path-to-node=\"21\">\n<p data-path-to-node=\"21,0\"><b data-path-to-node=\"21,0\" data-index-in-node=\"0\">Unutmay\u0131n:<\/b> En s\u00fcrd\u00fcr\u00fclebilir mobilya, halihaz\u0131rda sahip oldu\u011funuz veya bir \u00f6m\u00fcr boyu keyifle kullanaca\u011f\u0131n\u0131z mobilyad\u0131r.<\/p>\n<\/blockquote>\n","protected":false},"excerpt":{"rendered":"<p>Evimiz, ki\u015fili\u011fimizin ve de\u011ferlerimizin en \u00f6nemli yans\u0131mas\u0131d\u0131r. G\u00fcn\u00fcm\u00fczde bu de\u011ferlerin en ba\u015f\u0131nda ise art\u0131k s\u00fcrd\u00fcr\u00fclebilirlik geliyor. Peki, son y\u0131llarda ad\u0131n\u0131 s\u0131k\u00e7a duydu\u011fumuz s\u00fcrd\u00fcr\u00fclebilir mobilya tam olarak nedir? Sadece ah\u015fap kullanarak mobilya \u00fcretmek o \u00fcr\u00fcn\u00fc \u00e7evreci yapar m\u0131, yoksa bu s\u00fcre\u00e7 \u00e7ok daha m\u0131 derin? Bu yaz\u0131m\u0131zda, ham maddeden evimizdeki son haline kadar mobilyan\u0131n yolculu\u011funu inceliyoruz. [&hellip;]<\/p>\n","protected":false},"author":1,"featured_media":2916,"comment_status":"open","ping_status":"open","sticky":false,"template":"","format":"standard","meta":{"jnews-multi-image_gallery":[],"jnews_single_post":{"subtitle":"","format":"standard","override":[{"template":"1","parallax":"1","fullscreen":"1","layout":"right-sidebar","sidebar":"default-sidebar","second_sidebar":"default-sidebar","sticky_sidebar":"1","share_position":"top","share_float_style":"share-monocrhome","show_share_counter":"1","show_view_counter":"1","show_featured":"1","show_post_meta":"1","show_post_author":"1","show_post_author_image":"1","show_post_date":"1","post_date_format":"default","post_date_format_custom":"Y\/m\/d","show_post_category":"1","show_post_reading_time":"0","post_reading_time_wpm":"300","post_calculate_word_method":"str_word_count","show_zoom_button":"0","zoom_button_out_step":"2","zoom_button_in_step":"3","show_post_tag":"1","show_prev_next_post":"1","show_popup_post":"1","number_popup_post":"1","show_author_box":"1","show_post_related":"1"}],"image_override":[{"single_post_thumbnail_size":"crop-500","single_post_gallery_size":"crop-500"}],"trending_post_position":"meta","trending_post_label":"Trending","sponsored_post_label":"Sponsored by","disable_ad":"0"},"jnews_primary_category":[],"jnews_social_meta":[],"jnews_paywall_metabox":{"paragraph_limit":"2","enable_premium_post":"0","enable_free_post":"0","override_paragraph_limit":"0","enable_preview_post":"0","enable_preview_video":"0"},"jnews_override_counter":{"view_counter_number":"0","share_counter_number":"0","like_counter_number":"0","dislike_counter_number":"0"},"jnews_post_split":{"post_split":[{"template":"1","tag":"h2","numbering":"asc","mode":"normal","first":"0","enable_toc":"0","toc_type":"normal"}]},"footnotes":""},"categories":[214,210,400,318,389,399,213,398],"tags":[385,402,407,403,406,408,404,401,405],"class_list":["post-2914","post","type-post","status-publish","format-standard","has-post-thumbnail","hentry","category-54-modef-fuari","category-ana-sayfa","category-cevre-ve-teknoloji","category-dekorasyon","category-dekorasyon-fikirleri","category-ic-mimari","category-modef-2026-fuar","category-surdurulebilir-yasam","tag-2026-mobilya-trendleri","tag-doga-dostu-dekorasyon","tag-dongusel-ekonomi","tag-ekolojik-tasarim","tag-ev-dekorasyon-fikirleri","tag-fsc-sertifikali-ahsap","tag-geri-donusturulmus-mobilya","tag-surdurulebilir-mobilya","tag-yesil-uretim"],"yoast_head":"<!-- This site is optimized with the Yoast SEO plugin v26.9 - https:\/\/yoast.com\/product\/yoast-seo-wordpress\/ -->\n<title>S\u00fcrd\u00fcr\u00fclebilir Mobilya Nedir? \u00dcretimden T\u00fcketime Yeni Yakla\u015f\u0131mlar - Modef Blog<\/title>\n<meta name=\"description\" content=\"S\u00fcrd\u00fcr\u00fclebilir mobilya nedir? 2026 mobilya trendlerinde \u00f6ne \u00e7\u0131kan do\u011fa dostu \u00fcretim tekniklerini, d\u00f6ng\u00fcsel tasar\u0131m yakla\u015f\u0131mlar\u0131n\u0131 ve bilin\u00e7li t\u00fcketim ipu\u00e7lar\u0131n\u0131 ke\u015ffedin.\" \/>\n<meta name=\"robots\" content=\"index, follow, max-snippet:-1, max-image-preview:large, max-video-preview:-1\" \/>\n<link rel=\"canonical\" href=\"https:\/\/modef.com.tr\/blog\/surdurulebilir-mobilya-nedir-uretimden-tuketime-yeni-yaklasimlar\/\" \/>\n<meta property=\"og:locale\" content=\"tr_TR\" \/>\n<meta property=\"og:type\" content=\"article\" \/>\n<meta property=\"og:title\" content=\"S\u00fcrd\u00fcr\u00fclebilir Mobilya Nedir? \u00dcretimden T\u00fcketime Yeni Yakla\u015f\u0131mlar - Modef Blog\" \/>\n<meta property=\"og:description\" content=\"S\u00fcrd\u00fcr\u00fclebilir mobilya nedir? 2026 mobilya trendlerinde \u00f6ne \u00e7\u0131kan do\u011fa dostu \u00fcretim tekniklerini, d\u00f6ng\u00fcsel tasar\u0131m yakla\u015f\u0131mlar\u0131n\u0131 ve bilin\u00e7li t\u00fcketim ipu\u00e7lar\u0131n\u0131 ke\u015ffedin.\" \/>\n<meta property=\"og:url\" content=\"https:\/\/modef.com.tr\/blog\/surdurulebilir-mobilya-nedir-uretimden-tuketime-yeni-yaklasimlar\/\" \/>\n<meta property=\"og:site_name\" content=\"Modef Blog\" \/>\n<meta property=\"article:published_time\" content=\"2026-05-15T14:40:29+00:00\" \/>\n<meta property=\"article:modified_time\" content=\"2026-08-20T14:34:04+00:00\" \/>\n<meta property=\"og:image\" content=\"https:\/\/modef.com.tr\/blog\/wp-content\/uploads\/2026\/05\/Gemini_Generated_Image_in792iin792iin79-1024x559.png\" \/>\n\t<meta property=\"og:image:width\" content=\"1024\" \/>\n\t<meta property=\"og:image:height\" content=\"559\" \/>\n\t<meta property=\"og:image:type\" content=\"image\/png\" \/>\n<meta name=\"author\" content=\"Modef Blog\" \/>\n<meta name=\"twitter:card\" content=\"summary_large_image\" \/>\n<meta name=\"twitter:label1\" content=\"Yazan:\" \/>\n\t<meta name=\"twitter:data1\" content=\"Modef Blog\" \/>\n\t<meta name=\"twitter:label2\" content=\"Tahmini okuma s\u00fcresi\" \/>\n\t<meta name=\"twitter:data2\" content=\"3 dakika\" \/>\n<script type=\"application\/ld+json\" class=\"yoast-schema-graph\">{\"@context\":\"https:\/\/schema.org\",\"@graph\":[{\"@type\":\"Article\",\"@id\":\"https:\/\/modef.com.tr\/blog\/surdurulebilir-mobilya-nedir-uretimden-tuketime-yeni-yaklasimlar\/#article\",\"isPartOf\":{\"@id\":\"https:\/\/modef.com.tr\/blog\/surdurulebilir-mobilya-nedir-uretimden-tuketime-yeni-yaklasimlar\/\"},\"author\":{\"name\":\"Modef Blog\",\"@id\":\"https:\/\/modef.com.tr\/blog\/#\/schema\/person\/7e314966d0a42821c423252bfb9ba693\"},\"headline\":\"S\u00fcrd\u00fcr\u00fclebilir Mobilya Nedir? \u00dcretimden T\u00fcketime Yeni Yakla\u015f\u0131mlar\",\"datePublished\":\"2026-05-15T14:40:29+00:00\",\"dateModified\":\"2026-08-20T14:34:04+00:00\",\"mainEntityOfPage\":{\"@id\":\"https:\/\/modef.com.tr\/blog\/surdurulebilir-mobilya-nedir-uretimden-tuketime-yeni-yaklasimlar\/\"},\"wordCount\":701,\"commentCount\":0,\"image\":{\"@id\":\"https:\/\/modef.com.tr\/blog\/surdurulebilir-mobilya-nedir-uretimden-tuketime-yeni-yaklasimlar\/#primaryimage\"},\"thumbnailUrl\":\"https:\/\/modef.com.tr\/blog\/wp-content\/uploads\/2026\/05\/Gemini_Generated_Image_in792iin792iin79-scaled.png\",\"keywords\":[\"2026 mobilya trendleri\",\"do\u011fa dostu dekorasyon\",\"d\u00f6ng\u00fcsel ekonomi\",\"ekolojik tasar\u0131m\",\"ev dekorasyon fikirleri\",\"FSC sertifikal\u0131 ah\u015fap\",\"geri d\u00f6n\u00fc\u015ft\u00fcr\u00fclm\u00fc\u015f mobilya\",\"s\u00fcrd\u00fcr\u00fclebilir mobilya\",\"ye\u015fil \u00fcretim\"],\"articleSection\":[\"54. Modef Fuar\u0131\",\"Ana Sayfa\",\"\u00c7evre ve Teknoloji\",\"Dekorasyon\",\"Dekorasyon Fikirleri\",\"\u0130\u00e7 Mimari\",\"MODEF 2026 FUAR\",\"S\u00fcrd\u00fcr\u00fclebilir Ya\u015fam\"],\"inLanguage\":\"tr\",\"potentialAction\":[{\"@type\":\"CommentAction\",\"name\":\"Comment\",\"target\":[\"https:\/\/modef.com.tr\/blog\/surdurulebilir-mobilya-nedir-uretimden-tuketime-yeni-yaklasimlar\/#respond\"]}]},{\"@type\":\"WebPage\",\"@id\":\"https:\/\/modef.com.tr\/blog\/surdurulebilir-mobilya-nedir-uretimden-tuketime-yeni-yaklasimlar\/\",\"url\":\"https:\/\/modef.com.tr\/blog\/surdurulebilir-mobilya-nedir-uretimden-tuketime-yeni-yaklasimlar\/\",\"name\":\"S\u00fcrd\u00fcr\u00fclebilir Mobilya Nedir? \u00dcretimden T\u00fcketime Yeni Yakla\u015f\u0131mlar - Modef Blog\",\"isPartOf\":{\"@id\":\"https:\/\/modef.com.tr\/blog\/#website\"},\"primaryImageOfPage\":{\"@id\":\"https:\/\/modef.com.tr\/blog\/surdurulebilir-mobilya-nedir-uretimden-tuketime-yeni-yaklasimlar\/#primaryimage\"},\"image\":{\"@id\":\"https:\/\/modef.com.tr\/blog\/surdurulebilir-mobilya-nedir-uretimden-tuketime-yeni-yaklasimlar\/#primaryimage\"},\"thumbnailUrl\":\"https:\/\/modef.com.tr\/blog\/wp-content\/uploads\/2026\/05\/Gemini_Generated_Image_in792iin792iin79-scaled.png\",\"datePublished\":\"2026-05-15T14:40:29+00:00\",\"dateModified\":\"2026-08-20T14:34:04+00:00\",\"author\":{\"@id\":\"https:\/\/modef.com.tr\/blog\/#\/schema\/person\/7e314966d0a42821c423252bfb9ba693\"},\"description\":\"S\u00fcrd\u00fcr\u00fclebilir mobilya nedir? 2026 mobilya trendlerinde \u00f6ne \u00e7\u0131kan do\u011fa dostu \u00fcretim tekniklerini, d\u00f6ng\u00fcsel tasar\u0131m yakla\u015f\u0131mlar\u0131n\u0131 ve bilin\u00e7li t\u00fcketim ipu\u00e7lar\u0131n\u0131 ke\u015ffedin.\",\"breadcrumb\":{\"@id\":\"https:\/\/modef.com.tr\/blog\/surdurulebilir-mobilya-nedir-uretimden-tuketime-yeni-yaklasimlar\/#breadcrumb\"},\"inLanguage\":\"tr\",\"potentialAction\":[{\"@type\":\"ReadAction\",\"target\":[\"https:\/\/modef.com.tr\/blog\/surdurulebilir-mobilya-nedir-uretimden-tuketime-yeni-yaklasimlar\/\"]}]},{\"@type\":\"ImageObject\",\"inLanguage\":\"tr\",\"@id\":\"https:\/\/modef.com.tr\/blog\/surdurulebilir-mobilya-nedir-uretimden-tuketime-yeni-yaklasimlar\/#primaryimage\",\"url\":\"https:\/\/modef.com.tr\/blog\/wp-content\/uploads\/2026\/05\/Gemini_Generated_Image_in792iin792iin79-scaled.png\",\"contentUrl\":\"https:\/\/modef.com.tr\/blog\/wp-content\/uploads\/2026\/05\/Gemini_Generated_Image_in792iin792iin79-scaled.png\",\"width\":2560,\"height\":1396},{\"@type\":\"BreadcrumbList\",\"@id\":\"https:\/\/modef.com.tr\/blog\/surdurulebilir-mobilya-nedir-uretimden-tuketime-yeni-yaklasimlar\/#breadcrumb\",\"itemListElement\":[{\"@type\":\"ListItem\",\"position\":1,\"name\":\"Anasayfa\",\"item\":\"https:\/\/modef.com.tr\/blog\/\"},{\"@type\":\"ListItem\",\"position\":2,\"name\":\"S\u00fcrd\u00fcr\u00fclebilir Mobilya Nedir? \u00dcretimden T\u00fcketime Yeni Yakla\u015f\u0131mlar\"}]},{\"@type\":\"WebSite\",\"@id\":\"https:\/\/modef.com.tr\/blog\/#website\",\"url\":\"https:\/\/modef.com.tr\/blog\/\",\"name\":\"Modef Blog\",\"description\":\"\u0130neg\u00f6l Mobilya Fuar\u0131 \",\"potentialAction\":[{\"@type\":\"SearchAction\",\"target\":{\"@type\":\"EntryPoint\",\"urlTemplate\":\"https:\/\/modef.com.tr\/blog\/?s={search_term_string}\"},\"query-input\":{\"@type\":\"PropertyValueSpecification\",\"valueRequired\":true,\"valueName\":\"search_term_string\"}}],\"inLanguage\":\"tr\"},{\"@type\":\"Person\",\"@id\":\"https:\/\/modef.com.tr\/blog\/#\/schema\/person\/7e314966d0a42821c423252bfb9ba693\",\"name\":\"Modef Blog\",\"image\":{\"@type\":\"ImageObject\",\"inLanguage\":\"tr\",\"@id\":\"https:\/\/modef.com.tr\/blog\/#\/schema\/person\/image\/\",\"url\":\"https:\/\/secure.gravatar.com\/avatar\/c95b3f7dbc491bcc3d5e547b5886751e4ee0d2d9f5049cbfc2baafad5e49a7ec?s=96&d=mm&r=g\",\"contentUrl\":\"https:\/\/secure.gravatar.com\/avatar\/c95b3f7dbc491bcc3d5e547b5886751e4ee0d2d9f5049cbfc2baafad5e49a7ec?s=96&d=mm&r=g\",\"caption\":\"Modef Blog\"},\"sameAs\":[\"https:\/\/modef.com.tr\/blog\"],\"url\":\"https:\/\/modef.com.tr\/blog\/author\/a4nas5iteingeol\/\"}]}<\/script>\n<!-- \/ Yoast SEO plugin. -->","yoast_head_json":{"title":"S\u00fcrd\u00fcr\u00fclebilir Mobilya Nedir? \u00dcretimden T\u00fcketime Yeni Yakla\u015f\u0131mlar - Modef Blog","description":"S\u00fcrd\u00fcr\u00fclebilir mobilya nedir? 2026 mobilya trendlerinde \u00f6ne \u00e7\u0131kan do\u011fa dostu \u00fcretim tekniklerini, d\u00f6ng\u00fcsel tasar\u0131m yakla\u015f\u0131mlar\u0131n\u0131 ve bilin\u00e7li t\u00fcketim ipu\u00e7lar\u0131n\u0131 ke\u015ffedin.","robots":{"index":"index","follow":"follow","max-snippet":"max-snippet:-1","max-image-preview":"max-image-preview:large","max-video-preview":"max-video-preview:-1"},"canonical":"https:\/\/modef.com.tr\/blog\/surdurulebilir-mobilya-nedir-uretimden-tuketime-yeni-yaklasimlar\/","og_locale":"tr_TR","og_type":"article","og_title":"S\u00fcrd\u00fcr\u00fclebilir Mobilya Nedir? \u00dcretimden T\u00fcketime Yeni Yakla\u015f\u0131mlar - Modef Blog","og_description":"S\u00fcrd\u00fcr\u00fclebilir mobilya nedir? 2026 mobilya trendlerinde \u00f6ne \u00e7\u0131kan do\u011fa dostu \u00fcretim tekniklerini, d\u00f6ng\u00fcsel tasar\u0131m yakla\u015f\u0131mlar\u0131n\u0131 ve bilin\u00e7li t\u00fcketim ipu\u00e7lar\u0131n\u0131 ke\u015ffedin.","og_url":"https:\/\/modef.com.tr\/blog\/surdurulebilir-mobilya-nedir-uretimden-tuketime-yeni-yaklasimlar\/","og_site_name":"Modef Blog","article_published_time":"2026-05-15T14:40:29+00:00","article_modified_time":"2026-08-20T14:34:04+00:00","og_image":[{"width":1024,"height":559,"url":"https:\/\/modef.com.tr\/blog\/wp-content\/uploads\/2026\/05\/Gemini_Generated_Image_in792iin792iin79-1024x559.png","type":"image\/png"}],"author":"Modef Blog","twitter_card":"summary_large_image","twitter_misc":{"Yazan:":"Modef Blog","Tahmini okuma s\u00fcresi":"3 dakika"},"schema":{"@context":"https:\/\/schema.org","@graph":[{"@type":"Article","@id":"https:\/\/modef.com.tr\/blog\/surdurulebilir-mobilya-nedir-uretimden-tuketime-yeni-yaklasimlar\/#article","isPartOf":{"@id":"https:\/\/modef.com.tr\/blog\/surdurulebilir-mobilya-nedir-uretimden-tuketime-yeni-yaklasimlar\/"},"author":{"name":"Modef Blog","@id":"https:\/\/modef.com.tr\/blog\/#\/schema\/person\/7e314966d0a42821c423252bfb9ba693"},"headline":"S\u00fcrd\u00fcr\u00fclebilir Mobilya Nedir? \u00dcretimden T\u00fcketime Yeni Yakla\u015f\u0131mlar","datePublished":"2026-05-15T14:40:29+00:00","dateModified":"2026-08-20T14:34:04+00:00","mainEntityOfPage":{"@id":"https:\/\/modef.com.tr\/blog\/surdurulebilir-mobilya-nedir-uretimden-tuketime-yeni-yaklasimlar\/"},"wordCount":701,"commentCount":0,"image":{"@id":"https:\/\/modef.com.tr\/blog\/surdurulebilir-mobilya-nedir-uretimden-tuketime-yeni-yaklasimlar\/#primaryimage"},"thumbnailUrl":"https:\/\/modef.com.tr\/blog\/wp-content\/uploads\/2026\/05\/Gemini_Generated_Image_in792iin792iin79-scaled.png","keywords":["2026 mobilya trendleri","do\u011fa dostu dekorasyon","d\u00f6ng\u00fcsel ekonomi","ekolojik tasar\u0131m","ev dekorasyon fikirleri","FSC sertifikal\u0131 ah\u015fap","geri d\u00f6n\u00fc\u015ft\u00fcr\u00fclm\u00fc\u015f mobilya","s\u00fcrd\u00fcr\u00fclebilir mobilya","ye\u015fil \u00fcretim"],"articleSection":["54. Modef Fuar\u0131","Ana Sayfa","\u00c7evre ve Teknoloji","Dekorasyon","Dekorasyon Fikirleri","\u0130\u00e7 Mimari","MODEF 2026 FUAR","S\u00fcrd\u00fcr\u00fclebilir Ya\u015fam"],"inLanguage":"tr","potentialAction":[{"@type":"CommentAction","name":"Comment","target":["https:\/\/modef.com.tr\/blog\/surdurulebilir-mobilya-nedir-uretimden-tuketime-yeni-yaklasimlar\/#respond"]}]},{"@type":"WebPage","@id":"https:\/\/modef.com.tr\/blog\/surdurulebilir-mobilya-nedir-uretimden-tuketime-yeni-yaklasimlar\/","url":"https:\/\/modef.com.tr\/blog\/surdurulebilir-mobilya-nedir-uretimden-tuketime-yeni-yaklasimlar\/","name":"S\u00fcrd\u00fcr\u00fclebilir Mobilya Nedir? \u00dcretimden T\u00fcketime Yeni Yakla\u015f\u0131mlar - Modef Blog","isPartOf":{"@id":"https:\/\/modef.com.tr\/blog\/#website"},"primaryImageOfPage":{"@id":"https:\/\/modef.com.tr\/blog\/surdurulebilir-mobilya-nedir-uretimden-tuketime-yeni-yaklasimlar\/#primaryimage"},"image":{"@id":"https:\/\/modef.com.tr\/blog\/surdurulebilir-mobilya-nedir-uretimden-tuketime-yeni-yaklasimlar\/#primaryimage"},"thumbnailUrl":"https:\/\/modef.com.tr\/blog\/wp-content\/uploads\/2026\/05\/Gemini_Generated_Image_in792iin792iin79-scaled.png","datePublished":"2026-05-15T14:40:29+00:00","dateModified":"2026-08-20T14:34:04+00:00","author":{"@id":"https:\/\/modef.com.tr\/blog\/#\/schema\/person\/7e314966d0a42821c423252bfb9ba693"},"description":"S\u00fcrd\u00fcr\u00fclebilir mobilya nedir? 2026 mobilya trendlerinde \u00f6ne \u00e7\u0131kan do\u011fa dostu \u00fcretim tekniklerini, d\u00f6ng\u00fcsel tasar\u0131m yakla\u015f\u0131mlar\u0131n\u0131 ve bilin\u00e7li t\u00fcketim ipu\u00e7lar\u0131n\u0131 ke\u015ffedin.","breadcrumb":{"@id":"https:\/\/modef.com.tr\/blog\/surdurulebilir-mobilya-nedir-uretimden-tuketime-yeni-yaklasimlar\/#breadcrumb"},"inLanguage":"tr","potentialAction":[{"@type":"ReadAction","target":["https:\/\/modef.com.tr\/blog\/surdurulebilir-mobilya-nedir-uretimden-tuketime-yeni-yaklasimlar\/"]}]},{"@type":"ImageObject","inLanguage":"tr","@id":"https:\/\/modef.com.tr\/blog\/surdurulebilir-mobilya-nedir-uretimden-tuketime-yeni-yaklasimlar\/#primaryimage","url":"https:\/\/modef.com.tr\/blog\/wp-content\/uploads\/2026\/05\/Gemini_Generated_Image_in792iin792iin79-scaled.png","contentUrl":"https:\/\/modef.com.tr\/blog\/wp-content\/uploads\/2026\/05\/Gemini_Generated_Image_in792iin792iin79-scaled.png","width":2560,"height":1396},{"@type":"BreadcrumbList","@id":"https:\/\/modef.com.tr\/blog\/surdurulebilir-mobilya-nedir-uretimden-tuketime-yeni-yaklasimlar\/#breadcrumb","itemListElement":[{"@type":"ListItem","position":1,"name":"Anasayfa","item":"https:\/\/modef.com.tr\/blog\/"},{"@type":"ListItem","position":2,"name":"S\u00fcrd\u00fcr\u00fclebilir Mobilya Nedir? \u00dcretimden T\u00fcketime Yeni Yakla\u015f\u0131mlar"}]},{"@type":"WebSite","@id":"https:\/\/modef.com.tr\/blog\/#website","url":"https:\/\/modef.com.tr\/blog\/","name":"Modef Blog","description":"\u0130neg\u00f6l Mobilya Fuar\u0131 ","potentialAction":[{"@type":"SearchAction","target":{"@type":"EntryPoint","urlTemplate":"https:\/\/modef.com.tr\/blog\/?s={search_term_string}"},"query-input":{"@type":"PropertyValueSpecification","valueRequired":true,"valueName":"search_term_string"}}],"inLanguage":"tr"},{"@type":"Person","@id":"https:\/\/modef.com.tr\/blog\/#\/schema\/person\/7e314966d0a42821c423252bfb9ba693","name":"Modef Blog","image":{"@type":"ImageObject","inLanguage":"tr","@id":"https:\/\/modef.com.tr\/blog\/#\/schema\/person\/image\/","url":"https:\/\/secure.gravatar.com\/avatar\/c95b3f7dbc491bcc3d5e547b5886751e4ee0d2d9f5049cbfc2baafad5e49a7ec?s=96&d=mm&r=g","contentUrl":"https:\/\/secure.gravatar.com\/avatar\/c95b3f7dbc491bcc3d5e547b5886751e4ee0d2d9f5049cbfc2baafad5e49a7ec?s=96&d=mm&r=g","caption":"Modef Blog"},"sameAs":["https:\/\/modef.com.tr\/blog"],"url":"https:\/\/modef.com.tr\/blog\/author\/a4nas5iteingeol\/"}]}},"_links":{"self":[{"href":"https:\/\/modef.com.tr\/blog\/wp-json\/wp\/v2\/posts\/2914","targetHints":{"allow":["GET"]}}],"collection":[{"href":"https:\/\/modef.com.tr\/blog\/wp-json\/wp\/v2\/posts"}],"about":[{"href":"https:\/\/modef.com.tr\/blog\/wp-json\/wp\/v2\/types\/post"}],"author":[{"embeddable":true,"href":"https:\/\/modef.com.tr\/blog\/wp-json\/wp\/v2\/users\/1"}],"replies":[{"embeddable":true,"href":"https:\/\/modef.com.tr\/blog\/wp-json\/wp\/v2\/comments?post=2914"}],"version-history":[{"count":3,"href":"https:\/\/modef.com.tr\/blog\/wp-json\/wp\/v2\/posts\/2914\/revisions"}],"predecessor-version":[{"id":3016,"href":"https:\/\/modef.com.tr\/blog\/wp-json\/wp\/v2\/posts\/2914\/revisions\/3016"}],"wp:featuredmedia":[{"embeddable":true,"href":"https:\/\/modef.com.tr\/blog\/wp-json\/wp\/v2\/media\/2916"}],"wp:attachment":[{"href":"https:\/\/modef.com.tr\/blog\/wp-json\/wp\/v2\/media?parent=2914"}],"wp:term":[{"taxonomy":"category","embeddable":true,"href":"https:\/\/modef.com.tr\/blog\/wp-json\/wp\/v2\/categories?post=2914"},{"taxonomy":"post_tag","embeddable":true,"href":"https:\/\/modef.com.tr\/blog\/wp-json\/wp\/v2\/tags?post=2914"}],"curies":[{"name":"wp","href":"https:\/\/api.w.org\/{rel}","templated":true}]}}